[{"@context":"https:\/\/schema.org\/","@type":"Blog","@id":"https:\/\/www.nagyn.cz#Blog","headline":"Nagyn","description":"\nPomoc pot\u0159ebuje \u010das od \u010dasu ka\u017ed\u00fd. A nemus\u00ed b\u00fdt v\u016fbec na \u0161kodu, je-li tato virtu\u00e1ln\u00ed. Jako je ta, je\u017e se v\u00e1m nab\u00edz\u00ed na na\u0161\u00ed internetov\u00e9 str\u00e1nce.","url":"https:\/\/www.nagyn.cz","hasPart":[{"@type":"Article","@id":"https:\/\/www.nagyn.cz\/vstricnost-ktera-se-vam-bude-libit\/","headline":"Vst\u0159\u00edcnost, kter\u00e1 se V\u00e1m bude l\u00edbit","url":"https:\/\/www.nagyn.cz\/vstricnost-ktera-se-vam-bude-libit\/","datePublished":"2026-08-18","dateModified":"2023-05-09","mainEntityOfPage":"https:\/\/www.nagyn.cz\/vstricnost-ktera-se-vam-bude-libit\/","author":{"@type":"Person","@id":"https:\/\/www.nagyn.cz\/author\/#Person","name":"","url":"https:\/\/www.nagyn.cz\/author\/","identifier":1,"image":{"@type":"ImageObject","@id":"https:\/\/secure.gravatar.com\/avatar\/baa231f7e1963b29d6549eb0e137b049d877d4e97c51386f463c7d4fc98329bd?s=96&d=mm&r=g","url":"https:\/\/secure.gravatar.com\/avatar\/baa231f7e1963b29d6549eb0e137b049d877d4e97c51386f463c7d4fc98329bd?s=96&d=mm&r=g","height":96,"width":96}},"publisher":{"@type":"Organization","name":"nagyn.cz","logo":{"@type":"ImageObject","@id":"\/logo.png","url":"\/logo.png","width":600,"height":60}},"image":{"@type":"ImageObject","@id":"https:\/\/www.nagyn.cz\/wp-content\/uploads\/art284637_16x9_20260819_150648_eFZWAm.jpg","url":"https:\/\/www.nagyn.cz\/wp-content\/uploads\/art284637_16x9_20260819_150648_eFZWAm.jpg","height":0,"width":0},"wordCount":471,"keywords":null},{"@type":"Article","@id":"https:\/\/www.nagyn.cz\/feng-shui-zaridte-si-loznici-podle-nejtrendovejsiho-filozofickeho-smeru\/","headline":"Feng Shui: za\u0159i\u010fte si lo\u017enici podle nejtrendov\u011bj\u0161\u00edho filozofick\u00e9ho sm\u011bru","url":"https:\/\/www.nagyn.cz\/feng-shui-zaridte-si-loznici-podle-nejtrendovejsiho-filozofickeho-smeru\/","datePublished":"2026-02-07","dateModified":"2026-02-07","mainEntityOfPage":"https:\/\/www.nagyn.cz\/feng-shui-zaridte-si-loznici-podle-nejtrendovejsiho-filozofickeho-smeru\/","author":{"@type":"Person","@id":"https:\/\/www.nagyn.cz\/author\/#Person","name":"","url":"https:\/\/www.nagyn.cz\/author\/","identifier":1,"image":{"@type":"ImageObject","@id":"https:\/\/secure.gravatar.com\/avatar\/baa231f7e1963b29d6549eb0e137b049d877d4e97c51386f463c7d4fc98329bd?s=96&d=mm&r=g","url":"https:\/\/secure.gravatar.com\/avatar\/baa231f7e1963b29d6549eb0e137b049d877d4e97c51386f463c7d4fc98329bd?s=96&d=mm&r=g","height":96,"width":96}},"publisher":{"@type":"Organization","name":"nagyn.cz","logo":{"@type":"ImageObject","@id":"\/logo.png","url":"\/logo.png","width":600,"height":60}},"image":{"@type":"ImageObject","@id":"https:\/\/www.nagyn.cz\/wp-content\/uploads\/art281641_3x2_20260620_175359_BfQxLq.jpg","url":"https:\/\/www.nagyn.cz\/wp-content\/uploads\/art281641_3x2_20260620_175359_BfQxLq.jpg","height":0,"width":0},"wordCount":571,"keywords":null},{"@type":"Article","@id":"https:\/\/www.nagyn.cz\/bankovni-versus-nebankovni-pujcka\/","headline":"Bankovn\u00ed versus nebankovn\u00ed p\u016fj\u010dka","url":"https:\/\/www.nagyn.cz\/bankovni-versus-nebankovni-pujcka\/","datePublished":"2025-11-30","dateModified":"2025-11-30","mainEntityOfPage":"https:\/\/www.nagyn.cz\/bankovni-versus-nebankovni-pujcka\/","author":{"@type":"Person","@id":"https:\/\/www.nagyn.cz\/author\/#Person","name":"","url":"https:\/\/www.nagyn.cz\/author\/","identifier":1,"image":{"@type":"ImageObject","@id":"https:\/\/secure.gravatar.com\/avatar\/baa231f7e1963b29d6549eb0e137b049d877d4e97c51386f463c7d4fc98329bd?s=96&d=mm&r=g","url":"https:\/\/secure.gravatar.com\/avatar\/baa231f7e1963b29d6549eb0e137b049d877d4e97c51386f463c7d4fc98329bd?s=96&d=mm&r=g","height":96,"width":96}},"publisher":{"@type":"Organization","name":"nagyn.cz","logo":{"@type":"ImageObject","@id":"\/logo.png","url":"\/logo.png","width":600,"height":60}},"image":{"@type":"ImageObject","@id":"https:\/\/www.nagyn.cz\/wp-content\/uploads\/img_a304936_w1698_t1516195558.jpg","url":"https:\/\/www.nagyn.cz\/wp-content\/uploads\/img_a304936_w1698_t1516195558.jpg","height":0,"width":0},"wordCount":557,"keywords":null},{"@type":"Article","@id":"https:\/\/www.nagyn.cz\/kolik-mate-doma-mista\/","headline":"Kolik m\u00e1te doma m\u00edsta?","url":"https:\/\/www.nagyn.cz\/kolik-mate-doma-mista\/","datePublished":"2025-10-12","dateModified":"2025-10-12","mainEntityOfPage":"https:\/\/www.nagyn.cz\/kolik-mate-doma-mista\/","author":{"@type":"Person","@id":"https:\/\/www.nagyn.cz\/author\/#Person","name":"","url":"https:\/\/www.nagyn.cz\/author\/","identifier":1,"image":{"@type":"ImageObject","@id":"https:\/\/secure.gravatar.com\/avatar\/baa231f7e1963b29d6549eb0e137b049d877d4e97c51386f463c7d4fc98329bd?s=96&d=mm&r=g","url":"https:\/\/secure.gravatar.com\/avatar\/baa231f7e1963b29d6549eb0e137b049d877d4e97c51386f463c7d4fc98329bd?s=96&d=mm&r=g","height":96,"width":96}},"publisher":{"@type":"Organization","name":"nagyn.cz","logo":{"@type":"ImageObject","@id":"\/logo.png","url":"\/logo.png","width":600,"height":60}},"image":{"@type":"ImageObject","@id":"https:\/\/www.nagyn.cz\/wp-content\/uploads\/pexels-heyho-7061419(1).jpg","url":"https:\/\/www.nagyn.cz\/wp-content\/uploads\/pexels-heyho-7061419(1).jpg","height":0,"width":0},"wordCount":551,"keywords":null},{"@type":"Article","@id":"https:\/\/www.nagyn.cz\/proc-se-znovu-neucit-necemu-novemu\/","headline":"Pro\u010d se znovu neu\u010dit n\u011b\u010demu nov\u00e9mu?","url":"https:\/\/www.nagyn.cz\/proc-se-znovu-neucit-necemu-novemu\/","datePublished":"2025-09-03","dateModified":"2025-09-03","mainEntityOfPage":"https:\/\/www.nagyn.cz\/proc-se-znovu-neucit-necemu-novemu\/","author":{"@type":"Person","@id":"https:\/\/www.nagyn.cz\/author\/#Person","name":"","url":"https:\/\/www.nagyn.cz\/author\/","identifier":1,"image":{"@type":"ImageObject","@id":"https:\/\/secure.gravatar.com\/avatar\/baa231f7e1963b29d6549eb0e137b049d877d4e97c51386f463c7d4fc98329bd?s=96&d=mm&r=g","url":"https:\/\/secure.gravatar.com\/avatar\/baa231f7e1963b29d6549eb0e137b049d877d4e97c51386f463c7d4fc98329bd?s=96&d=mm&r=g","height":96,"width":96}},"publisher":{"@type":"Organization","name":"nagyn.cz","logo":{"@type":"ImageObject","@id":"\/logo.png","url":"\/logo.png","width":600,"height":60}},"image":null,"wordCount":230,"keywords":null},{"@type":"Article","@id":"https:\/\/www.nagyn.cz\/proc-se-znovu-neucit-necemu-novemu\/","headline":"Pro\u010d se znovu neu\u010dit n\u011b\u010demu nov\u00e9mu?","url":"https:\/\/www.nagyn.cz\/proc-se-znovu-neucit-necemu-novemu\/","datePublished":"2025-09-03","dateModified":"2025-09-03","mainEntityOfPage":"https:\/\/www.nagyn.cz\/proc-se-znovu-neucit-necemu-novemu\/","author":{"@type":"Person","@id":"https:\/\/www.nagyn.cz\/author\/#Person","name":"","url":"https:\/\/www.nagyn.cz\/author\/","identifier":1,"image":{"@type":"ImageObject","@id":"https:\/\/secure.gravatar.com\/avatar\/baa231f7e1963b29d6549eb0e137b049d877d4e97c51386f463c7d4fc98329bd?s=96&d=mm&r=g","url":"https:\/\/secure.gravatar.com\/avatar\/baa231f7e1963b29d6549eb0e137b049d877d4e97c51386f463c7d4fc98329bd?s=96&d=mm&r=g","height":96,"width":96}},"publisher":{"@type":"Organization","name":"nagyn.cz","logo":{"@type":"ImageObject","@id":"\/logo.png","url":"\/logo.png","width":600,"height":60}},"image":null,"wordCount":230,"keywords":null},{"@type":"Article","@id":"https:\/\/www.nagyn.cz\/budou-se-zavirat-sami\/","headline":"Budou se zav\u00edrat sami","url":"https:\/\/www.nagyn.cz\/budou-se-zavirat-sami\/","datePublished":"2025-08-27","dateModified":"2025-08-27","mainEntityOfPage":"https:\/\/www.nagyn.cz\/budou-se-zavirat-sami\/","author":{"@type":"Person","@id":"https:\/\/www.nagyn.cz\/author\/#Person","name":"","url":"https:\/\/www.nagyn.cz\/author\/","identifier":1,"image":{"@type":"ImageObject","@id":"https:\/\/secure.gravatar.com\/avatar\/baa231f7e1963b29d6549eb0e137b049d877d4e97c51386f463c7d4fc98329bd?s=96&d=mm&r=g","url":"https:\/\/secure.gravatar.com\/avatar\/baa231f7e1963b29d6549eb0e137b049d877d4e97c51386f463c7d4fc98329bd?s=96&d=mm&r=g","height":96,"width":96}},"publisher":{"@type":"Organization","name":"nagyn.cz","logo":{"@type":"ImageObject","@id":"\/logo.png","url":"\/logo.png","width":600,"height":60}},"image":null,"wordCount":226,"keywords":null},{"@type":"Article","@id":"https:\/\/www.nagyn.cz\/sluzby-pro-kazdeho\/","headline":"Slu\u017eby pro ka\u017ed\u00e9ho","url":"https:\/\/www.nagyn.cz\/sluzby-pro-kazdeho\/","datePublished":"2025-08-20","dateModified":"2025-08-20","mainEntityOfPage":"https:\/\/www.nagyn.cz\/sluzby-pro-kazdeho\/","author":{"@type":"Person","@id":"https:\/\/www.nagyn.cz\/author\/#Person","name":"","url":"https:\/\/www.nagyn.cz\/author\/","identifier":1,"image":{"@type":"ImageObject","@id":"https:\/\/secure.gravatar.com\/avatar\/baa231f7e1963b29d6549eb0e137b049d877d4e97c51386f463c7d4fc98329bd?s=96&d=mm&r=g","url":"https:\/\/secure.gravatar.com\/avatar\/baa231f7e1963b29d6549eb0e137b049d877d4e97c51386f463c7d4fc98329bd?s=96&d=mm&r=g","height":96,"width":96}},"publisher":{"@type":"Organization","name":"nagyn.cz","logo":{"@type":"ImageObject","@id":"\/logo.png","url":"\/logo.png","width":600,"height":60}},"image":null,"wordCount":218,"keywords":null},{"@type":"Article","@id":"https:\/\/www.nagyn.cz\/vyberte-si-prave-nas\/","headline":"Vyberte si pr\u00e1v\u011b n\u00e1s","url":"https:\/\/www.nagyn.cz\/vyberte-si-prave-nas\/","datePublished":"2025-08-14","dateModified":"2025-08-14","mainEntityOfPage":"https:\/\/www.nagyn.cz\/vyberte-si-prave-nas\/","author":{"@type":"Person","@id":"https:\/\/www.nagyn.cz\/author\/#Person","name":"","url":"https:\/\/www.nagyn.cz\/author\/","identifier":1,"image":{"@type":"ImageObject","@id":"https:\/\/secure.gravatar.com\/avatar\/baa231f7e1963b29d6549eb0e137b049d877d4e97c51386f463c7d4fc98329bd?s=96&d=mm&r=g","url":"https:\/\/secure.gravatar.com\/avatar\/baa231f7e1963b29d6549eb0e137b049d877d4e97c51386f463c7d4fc98329bd?s=96&d=mm&r=g","height":96,"width":96}},"publisher":{"@type":"Organization","name":"nagyn.cz","logo":{"@type":"ImageObject","@id":"\/logo.png","url":"\/logo.png","width":600,"height":60}},"image":null,"wordCount":297,"keywords":null},{"@type":"Article","@id":"https:\/\/www.nagyn.cz\/neplatte-vice-nez-je-nutne\/","headline":"Nepla\u0165te v\u00edce, ne\u017e je nutn\u00e9","url":"https:\/\/www.nagyn.cz\/neplatte-vice-nez-je-nutne\/","datePublished":"2025-08-09","dateModified":"2025-08-09","mainEntityOfPage":"https:\/\/www.nagyn.cz\/neplatte-vice-nez-je-nutne\/","author":{"@type":"Person","@id":"https:\/\/www.nagyn.cz\/author\/#Person","name":"","url":"https:\/\/www.nagyn.cz\/author\/","identifier":1,"image":{"@type":"ImageObject","@id":"https:\/\/secure.gravatar.com\/avatar\/baa231f7e1963b29d6549eb0e137b049d877d4e97c51386f463c7d4fc98329bd?s=96&d=mm&r=g","url":"https:\/\/secure.gravatar.com\/avatar\/baa231f7e1963b29d6549eb0e137b049d877d4e97c51386f463c7d4fc98329bd?s=96&d=mm&r=g","height":96,"width":96}},"publisher":{"@type":"Organization","name":"nagyn.cz","logo":{"@type":"ImageObject","@id":"\/logo.png","url":"\/logo.png","width":600,"height":60}},"image":null,"wordCount":208,"keywords":null}]},{"@context":"https:\/\/schema.org","@type":"WebSite","@id":"https:\/\/www.nagyn.cz\/#website","name":"Nagyn","url":"https:\/\/www.nagyn.cz","potentialAction":{"@type":"SearchAction","target":"https:\/\/www.nagyn.cz\/?s={search_term_string}","query-input":"required name=search_term_string"}}]