[{"@context":"https:\/\/schema.org\/","@type":"Article","@id":"https:\/\/www.nagyn.cz\/elektricky-invalidni-vozik\/#Article","mainEntityOfPage":"https:\/\/www.nagyn.cz\/elektricky-invalidni-vozik\/","headline":"Elektrick\u00fd invalidn\u00ed voz\u00edk","name":"Elektrick\u00fd invalidn\u00ed voz\u00edk","description":"Jednou skute\u010dn\u011b nastane ten den, kdy budeme odk\u00e1z\u00e1ni na pomoc druh\u00fdch. Bohu\u017eel je tomu tak. I kdy\u017e se n\u011bkter\u00fdm tato skute\u010dnost nemus\u00ed l\u00edbit, opravdu se s n\u00ed jednoho dne setk\u00e1me. Lidsk\u00e9 t\u011blo se postupem \u010dasu m\u011bn\u00ed a hlavn\u011b st\u00e1rne. Jednou to m\u016f\u017ee doj\u00edt do bodu, kdy skute\u010dn\u011b nebudeme schopni pohnout nohami \u010di dokonce rukami. V takov\u00e9 situaci nastane \u010das na jednu v\u011bc. Co tou v\u011bc\u00ed je? Elektrick\u00fd invalidn\u00ed voz\u00edk. Pr\u00e1v\u011b<div class=\"read-more\"><a class=\"btn read-more-btn\" href=\"https:\/\/www.nagyn.cz\/elektricky-invalidni-vozik\/\">Read More<\/a><\/div>","datePublished":"2020-06-20","dateModified":"2023-05-09","author":{"@type":"Person","@id":"https:\/\/www.nagyn.cz\/author\/#Person","name":"","url":"https:\/\/www.nagyn.cz\/author\/","identifier":1,"image":{"@type":"ImageObject","@id":"https:\/\/secure.gravatar.com\/avatar\/baa231f7e1963b29d6549eb0e137b049d877d4e97c51386f463c7d4fc98329bd?s=96&d=mm&r=g","url":"https:\/\/secure.gravatar.com\/avatar\/baa231f7e1963b29d6549eb0e137b049d877d4e97c51386f463c7d4fc98329bd?s=96&d=mm&r=g","height":96,"width":96}},"publisher":{"@type":"Organization","name":"nagyn.cz","logo":{"@type":"ImageObject","@id":"\/logo.png","url":"\/logo.png","width":600,"height":60}},"image":{"@type":"ImageObject","@id":"https:\/\/www.nagyn.cz\/wp-content\/uploads\/star%C3%BD%20%C4%8Dlov%C4%9Bk%20a%20voz%C3%ADk.png","url":"https:\/\/www.nagyn.cz\/wp-content\/uploads\/star%C3%BD%20%C4%8Dlov%C4%9Bk%20a%20voz%C3%ADk.png","height":0,"width":0},"url":"https:\/\/www.nagyn.cz\/elektricky-invalidni-vozik\/","about":["V\u00fdrobky"],"wordCount":407,"articleBody":" Jednou skute\u010dn\u011b nastane ten den, kdy budeme odk\u00e1z\u00e1ni na pomoc druh\u00fdch. Bohu\u017eel je tomu tak. I kdy\u017e se n\u011bkter\u00fdm tato skute\u010dnost nemus\u00ed l\u00edbit, opravdu se s n\u00ed jednoho dne setk\u00e1me.Lidsk\u00e9 t\u011blo se postupem \u010dasu m\u011bn\u00ed a hlavn\u011b st\u00e1rne. Jednou to m\u016f\u017ee doj\u00edt do bodu, kdy skute\u010dn\u011b nebudeme schopni pohnout nohami \u010di dokonce rukami. V takov\u00e9 situaci nastane \u010das na jednu v\u011bc. Co tou v\u011bc\u00ed je? Elektrick\u00fd invalidn\u00ed voz\u00edk.Pr\u00e1v\u011b tento typ voz\u00edku je schopen lidem usnadnit velkou spoustu pr\u00e1ce.U elektrick\u00fdch voz\u00edk\u016f je ale pot\u0159eba po\u010d\u00edtat s t\u00edm, \u017ee jsou mnohem dra\u017e\u0161\u00ed, ne\u017e voz\u00edky oby\u010dejn\u00e9.Cena za elektrick\u00fd voz\u00edk se pohybuje okolo 30 000,-. Je sice pravda, \u017ee se nejedn\u00e1 o levnou z\u00e1le\u017eitost, ale na druhu stranu je pot\u0159eba m\u00edt na pam\u011bti to, \u017ee se jedn\u00e1 o v\u011bc, kterou budete vyu\u017e\u00edvat ka\u017ed\u00fd den, a bude v\u00e1m pom\u00e1hat s t\u00edm, abyste se bez probl\u00e9mu dostali z m\u00edsta A na m\u00edsto B.Pokud byste se cht\u011bli alespo\u0148 pod\u00edvat na to, jak takov\u00fd voz\u00edk vypad\u00e1, pak si jej m\u016f\u017eete bez probl\u00e9m\u016f vyhledat pr\u00e1v\u011b na internetu, kde najdete nejen voz\u00edky elektrick\u00e9, ale i b\u011b\u017en\u00e9.Tyto voz\u00edky m\u00e1 \u010dlov\u011bk mo\u017enost vybrat si jak podle barvy, tak podle kilometr\u016f, nosnosti apod. T\u011bch parametr\u016f je skute\u010dn\u011b mnoho.Jestli\u017ee byste se rozhodli si n\u011bjak\u00fd ten voz\u00edk zakoupit, d\u00edvejte se p\u0159edem na informace, kter\u00e9 se t\u00fdkaj\u00ed parametr\u016f, \u00fahlu apod. V\u0161echny tyto informace jsou velice d\u016fle\u017eit\u00e9. Mo\u017en\u00e1 d\u016fle\u017eit\u011bj\u0161\u00ed, ne\u017e si dok\u00e1\u017eete p\u0159edstavit.D\u016fle\u017eit\u00e9 je tak\u00e9 myslet na pohodl\u00ed, bez kter\u00e9ho by to opravdu ne\u0161lo.Nav\u00edc t\u00edm, \u017ee si v\u0161e ohl\u00edd\u00e1te, se nesetk\u00e1te s probl\u00e9my nemil\u00e9ho charakteru. T\u011bmi probl\u00e9my m\u00e1me na mysli vy\u0159izov\u00e1n\u00ed reklamace apod.Mnoz\u00ed nejsou z n\u011b\u010deho takov\u00e9ho nad\u0161eni. Na jednu stranu se nen\u00ed \u010demu divit.V\u011b\u0159\u00edme, \u017ee pokud skute\u010dn\u011b budete d\u00e1vat pozor, budete s danou koup\u00ed v\u00edce ne\u017e spokojeni. Je d\u016fle\u017eit\u00e9, aby si \u010dlov\u011bk zvolil to, co mu bude p\u0159ipadat jako to nejlep\u0161\u00ed.                                                                                                                                                                                                                                                                                                                                                                                         3.7\/5 - (9 votes)        "},{"@context":"https:\/\/schema.org\/","@type":"BreadcrumbList","itemListElement":[{"@type":"ListItem","position":1,"name":"Elektrick\u00fd invalidn\u00ed voz\u00edk","item":"https:\/\/www.nagyn.cz\/elektricky-invalidni-vozik\/#breadcrumbitem"}]}]