[{"@context":"https:\/\/schema.org\/","@type":"Article","@id":"https:\/\/www.nagyn.cz\/jaky-je-rozdil-mezi-cistou-mzdou-a-dobirkou\/#Article","mainEntityOfPage":"https:\/\/www.nagyn.cz\/jaky-je-rozdil-mezi-cistou-mzdou-a-dobirkou\/","headline":"Jak\u00fd je rozd\u00edl mezi \u010distou mzdou a dob\u00edrkou?","name":"Jak\u00fd je rozd\u00edl mezi \u010distou mzdou a dob\u00edrkou?","description":"V\u00fdpo\u010det \u010dist\u00e9 mzdy je i pro laika dnes velmi jednoduch\u00fd. Respektive, kdy\u017e v\u00edte, kde m\u00e1te hledat n\u00e1pov\u011bdu. Jinak m\u016f\u017ee b\u00fdt v\u00fdpo\u010det \u010dist\u00e9 mzdy pro nezku\u0161en\u00e9ho naprost\u00e1 \u0161pan\u011blsk\u00e1 vesnice. V\u017edy\u0165 ne nadarmo se o tyto v\u00fdpo\u010dty staraj\u00ed erudovan\u00e9 mzdov\u00e9 \u00fa\u010detn\u00ed, kter\u00e9 jsou neust\u00e1le pro\u0161kolovan\u00e9 a vzd\u011bl\u00e1vaj\u00ed se d\u00edky st\u00e1le nov\u00fdm novel\u00e1m, na\u0159\u00edzen\u00edm, vyhl\u00e1\u0161k\u00e1m. Kdy\u017e najedete na webu na tu spr\u00e1vnou kalkula\u010dku v\u00fdpo\u010dtu \u010dist\u00e9 mzdy, pak m\u00e1te vyhr\u00e1no. Sta\u010d\u00ed u\u017e jen zadat<div class=\"read-more\"><a class=\"btn read-more-btn\" href=\"https:\/\/www.nagyn.cz\/jaky-je-rozdil-mezi-cistou-mzdou-a-dobirkou\/\">Read More<\/a><\/div>","datePublished":"2021-04-18","dateModified":"2023-05-09","author":{"@type":"Person","@id":"https:\/\/www.nagyn.cz\/author\/#Person","name":"","url":"https:\/\/www.nagyn.cz\/author\/","identifier":1,"image":{"@type":"ImageObject","@id":"https:\/\/secure.gravatar.com\/avatar\/baa231f7e1963b29d6549eb0e137b049d877d4e97c51386f463c7d4fc98329bd?s=96&d=mm&r=g","url":"https:\/\/secure.gravatar.com\/avatar\/baa231f7e1963b29d6549eb0e137b049d877d4e97c51386f463c7d4fc98329bd?s=96&d=mm&r=g","height":96,"width":96}},"publisher":{"@type":"Organization","name":"nagyn.cz","logo":{"@type":"ImageObject","@id":"\/logo.png","url":"\/logo.png","width":600,"height":60}},"image":{"@type":"ImageObject","@id":"https:\/\/www.nagyn.cz\/wp-content\/uploads\/kalkula%C4%8Dka%20%C4%8D%C3%ADsla.png","url":"https:\/\/www.nagyn.cz\/wp-content\/uploads\/kalkula%C4%8Dka%20%C4%8D%C3%ADsla.png","height":0,"width":0},"url":"https:\/\/www.nagyn.cz\/jaky-je-rozdil-mezi-cistou-mzdou-a-dobirkou\/","about":["Podnik\u00e1n\u00ed"],"wordCount":458,"articleBody":"   V\u00fdpo\u010det \u010dist\u00e9 mzdy je i pro laika dnes velmi jednoduch\u00fd. Respektive, kdy\u017e v\u00edte, kde m\u00e1te hledat n\u00e1pov\u011bdu. Jinak m\u016f\u017ee b\u00fdt v\u00fdpo\u010det \u010dist\u00e9 mzdy pro nezku\u0161en\u00e9ho naprost\u00e1 \u0161pan\u011blsk\u00e1 vesnice. V\u017edy\u0165 ne nadarmo se o tyto v\u00fdpo\u010dty staraj\u00ed erudovan\u00e9 mzdov\u00e9 \u00fa\u010detn\u00ed, kter\u00e9 jsou neust\u00e1le pro\u0161kolovan\u00e9 a vzd\u011bl\u00e1vaj\u00ed se d\u00edky st\u00e1le nov\u00fdm novel\u00e1m, na\u0159\u00edzen\u00edm, vyhl\u00e1\u0161k\u00e1m.Kdy\u017e najedete na webu na tu spr\u00e1vnou kalkula\u010dku v\u00fdpo\u010dtu \u010dist\u00e9 mzdy, pak m\u00e1te vyhr\u00e1no. Sta\u010d\u00ed u\u017e jen zadat spr\u00e1vn\u00e9 \u00fadaje \u2013 jakou m\u00e1te hrubou mzdu \u2013 vlo\u017e\u00edte do kalkula\u010dky v\u00fd\u0161i va\u0161\u00ed m\u011bs\u00ed\u010dn\u00ed hrub\u00e9 mzdy, zvol\u00edte zda m\u00e1te podepsan\u00e9 Prohl\u00e1\u0161en\u00ed poplatn\u00edka dan\u011b z p\u0159\u00edjm\u016f ze z\u00e1visl\u00e9 \u010dinnosti. Kalkula\u010dka tak\u00e9 obsahuje v\u00fdpo\u010det pro zdravotn\u011b t\u011blesn\u011b posti\u017een\u00e9 s pr\u016fvodcem anebo uplatn\u00ed i slevu na studenta (pokud studujete a spl\u0148ujete ze z\u00e1kona statut studenta). Dal\u0161\u00ed slevu, kterou m\u016f\u017eete uplatnit \u2013 je sleva na invaliditu prvn\u00edho, druh\u00e9ho anebo t\u0159et\u00edho stupn\u011b. A v neposledn\u00ed \u0159ad\u011b uplatn\u00edte tak\u00e9 slevu na d\u011bti, spr\u00e1vn\u011b da\u0148ov\u00e9 zv\u00fdhodn\u011bn\u00ed na d\u00edt\u011b, kter\u00e9 vy\u017eivujete v dom\u00e1cnosti. Jestli\u017ee m\u00e1 va\u0161e d\u00edt\u011b ZTP s pr\u016fvodcem, zad\u00e1te i tento symbol, proto\u017ee na z\u00e1klad\u011b t\u00e9to p\u0159iznan\u00e9 slevy z\u00edsk\u00e1te da\u0148ov\u00e9 zv\u00fdhodn\u011bn\u00ed na toto d\u00edt\u011b ve dvojn\u00e1sobn\u00e9 v\u00fd\u0161i. Zad\u00e1te do kalkula\u010dky po\u010det d\u011bt\u00ed. Upozor\u0148ujeme, \u017ee se nejedn\u00e1 o d\u011bti, na kter\u00e9 plat\u00edte v\u00fd\u017eivn\u00e9 a \u017eij\u00ed v jin\u00e9 dom\u00e1cnosti! D\u011bti mus\u00edte v y \u017e i v o v a t v e v a \u0161 \u00ed d o m \u00e1 c n o s t i.Vid\u00edte, \u017ee i pro zad\u00e1n\u00ed \u00fadaj\u016f do kalkula\u010dky je d\u016fle\u017eit\u00e9 zn\u00e1t spoustu ostatn\u00edch v\u011bc\u00ed, proto je kalkul\u00e1tor p\u0159epo\u010dtu z hrub\u00e9 mzdy na \u010distou https:\/\/www.kalkulackacistemzdy.cz\/ velk\u00e1 v\u00fdhoda a pomoc. Jestli\u017ee dosad\u00edte dan\u00e9 \u00fadaje, kalkula\u010dka v\u00e1m u\u017e sama spo\u010dte va\u0161i \u010distou mzdu.Neple\u0165te si ale \u010distou mzdu s d o b \u00ed r k o u ! Jestli\u017ee z \u010dist\u00e9 mzdy zam\u011bstnavatel provede dal\u0161\u00ed sr\u00e1\u017eky, jako jsou nap\u0159\u00edklad exeku\u010dn\u00ed sr\u00e1\u017eky anebo sr\u00e1\u017eka za stravenky \u010di za ob\u011bdy, pak se dost\u00e1v\u00e1te k \u010dist\u00e9 mzd\u011b pon\u00ed\u017een\u00e9 o tyto sr\u00e1\u017eky, to znamen\u00e1 k dob\u00edrce, kterou uvid\u00edte de facto na va\u0161em \u00fa\u010dtu anebo ve v\u00fdplatn\u00edm s\u00e1\u010dku.                                                                                                                                                                                                                                                                                                                                                                                          4\/5 - (8 votes)        "},{"@context":"https:\/\/schema.org\/","@type":"BreadcrumbList","itemListElement":[{"@type":"ListItem","position":1,"name":"Jak\u00fd je rozd\u00edl mezi \u010distou mzdou a dob\u00edrkou?","item":"https:\/\/www.nagyn.cz\/jaky-je-rozdil-mezi-cistou-mzdou-a-dobirkou\/#breadcrumbitem"}]}]