[{"@context":"https:\/\/schema.org\/","@type":"Article","@id":"https:\/\/www.nagyn.cz\/levne-mikiny\/#Article","mainEntityOfPage":"https:\/\/www.nagyn.cz\/levne-mikiny\/","headline":"Levn\u00e9 mikiny","name":"Levn\u00e9 mikiny","description":"Mikiny pro potisk V roce 2006 jsme uzav\u0159eli exkluzivn\u00ed smlouvu se \u0161pan\u011blskou firmou Gor factory, na z\u00e1klad\u011b kter\u00e9 m\u016f\u017eeme distribuovat textiln\u00ed v\u00fdrobky zna\u010dky Roly v r\u00e1mci st\u0159edn\u00ed Evropy. Tato smlouva n\u00e1m umo\u017enila podstatn\u00fdm zp\u016fsobem roz\u0161\u00ed\u0159it na\u0161i nab\u00eddku textiln\u00edho zbo\u017e\u00ed zejm\u00e9na o firemn\u00ed a sportovn\u00ed od\u011bvy, oble\u010den\u00ed pro voln\u00fd \u010das a oble\u010den\u00ed pro d\u011bti. D\u00e1msk\u00e9 mikiny si mus\u00edte opat\u0159it. Potisk na textil Pokud tou\u017e\u00edte po modern\u00edm, kvalitn\u00edm a p\u0159itom i cenov\u011b<div class=\"read-more\"><a class=\"btn read-more-btn\" href=\"https:\/\/www.nagyn.cz\/levne-mikiny\/\">Read More<\/a><\/div>","datePublished":"2025-04-28","dateModified":"2025-04-28","author":{"@type":"Person","@id":"https:\/\/www.nagyn.cz\/author\/#Person","name":"","url":"https:\/\/www.nagyn.cz\/author\/","identifier":1,"image":{"@type":"ImageObject","@id":"https:\/\/secure.gravatar.com\/avatar\/baa231f7e1963b29d6549eb0e137b049d877d4e97c51386f463c7d4fc98329bd?s=96&d=mm&r=g","url":"https:\/\/secure.gravatar.com\/avatar\/baa231f7e1963b29d6549eb0e137b049d877d4e97c51386f463c7d4fc98329bd?s=96&d=mm&r=g","height":96,"width":96}},"publisher":{"@type":"Organization","name":"nagyn.cz","logo":{"@type":"ImageObject","@id":"\/logo.png","url":"\/logo.png","width":600,"height":60}},"url":"https:\/\/www.nagyn.cz\/levne-mikiny\/","wordCount":187,"articleBody":"Mikiny pro potiskV roce 2006 jsme uzav\u0159eli exkluzivn\u00ed smlouvu se \u0161pan\u011blskou firmou Gor factory, na z\u00e1klad\u011b kter\u00e9 m\u016f\u017eeme distribuovat textiln\u00ed v\u00fdrobky zna\u010dky Roly v r\u00e1mci st\u0159edn\u00ed Evropy. Tato smlouva n\u00e1m umo\u017enila podstatn\u00fdm zp\u016fsobem roz\u0161\u00ed\u0159it na\u0161i nab\u00eddku textiln\u00edho zbo\u017e\u00ed zejm\u00e9na o firemn\u00ed a sportovn\u00ed od\u011bvy, oble\u010den\u00ed pro voln\u00fd \u010das a oble\u010den\u00ed pro d\u011bti. D\u00e1msk\u00e9 mikiny si mus\u00edte opat\u0159it.Potisk na textilPokud tou\u017e\u00edte po modern\u00edm, kvalitn\u00edm a p\u0159itom i cenov\u011b dostupn\u00e9m oble\u010den\u00ed, pak n\u00e1\u0161 velkoobchod s textilem je jasn\u00e1 volba. Doporu\u010dujeme v\u00e1m nav\u0161t\u00edvit n\u00e1\u0161 velkoobchod s textilem a vybrat si t\u0159eba na\u0161e d\u00e1msk\u00e9 mikiny. Spl\u0148uj\u00ed v\u0161echna krit\u00e9ria pro modern\u00ed a kvalitn\u00ed textiln\u00ed v\u00fdrobky. Nebudete m\u00edt \u017e\u00e1dn\u00fd probl\u00e9m si vybrat z cel\u00e9 \u0161k\u00e1ly velikost\u00ed i barev a barevn\u00fdch kombinac\u00ed.CenyCen\u00edky na\u0161ich v\u00fdrobk\u016f naleznete na na\u0161ich internetov\u00fdch str\u00e1nk\u00e1ch. D\u00e1msk\u00e9 mikiny jsou pro v\u00e1s p\u0159ipraveny.                                                                                                                                                                                                                                                                                                                                                                                                "},{"@context":"https:\/\/schema.org\/","@type":"BreadcrumbList","itemListElement":[{"@type":"ListItem","position":1,"name":"Levn\u00e9 mikiny","item":"https:\/\/www.nagyn.cz\/levne-mikiny\/#breadcrumbitem"}]}]