[{"@context":"https:\/\/schema.org\/","@type":"Article","@id":"https:\/\/www.nagyn.cz\/neobvykla-mikina-s-prekvapenim\/#Article","mainEntityOfPage":"https:\/\/www.nagyn.cz\/neobvykla-mikina-s-prekvapenim\/","headline":"Neobvykl\u00e1 mikina s p\u0159ekvapen\u00edm","name":"Neobvykl\u00e1 mikina s p\u0159ekvapen\u00edm","description":"Na sv\u011bt\u011b je plno neobvykl\u00fdch d\u00e1rk\u016f, a n\u011bkter\u00e9 jsou opravdu velice zaj\u00edmav\u00e9, proto\u017ee pr\u00e1v\u011b ty zaj\u00edmav\u00e9 d\u00e1rky jsou opravdu velice fajn. Ur\u010dit\u011b ka\u017ed\u00fd m\u00e1 r\u00e1d prost\u011b ten neobvykl\u00fd d\u00e1rek. A nejlep\u0161\u00ed je, kdy\u017e ten neobvykl\u00fd d\u00e1rek prost\u011b budete darovat t \u00fapln\u011b n\u011bkomu jin\u00e9mu, proto\u017ee mysl\u00edm si, \u017ee rozhodn\u011b neobvykl\u00fdm d\u00e1rkem m\u016f\u017eete rozhodn\u011b kohokoliv kr\u00e1sn\u011b nadchnout a m\u016f\u017eete ho kr\u00e1sn\u011b oslnit t\u00edm, \u017ee jste prost\u011b koupili tomu \u010dlov\u011bku neobvykl\u00fd d\u00e1rek. Ka\u017ed\u00fd<div class=\"read-more\"><a class=\"btn read-more-btn\" href=\"https:\/\/www.nagyn.cz\/neobvykla-mikina-s-prekvapenim\/\">Read More<\/a><\/div>","datePublished":"2024-03-15","dateModified":"2024-03-15","author":{"@type":"Person","@id":"https:\/\/www.nagyn.cz\/author\/#Person","name":"","url":"https:\/\/www.nagyn.cz\/author\/","identifier":1,"image":{"@type":"ImageObject","@id":"https:\/\/secure.gravatar.com\/avatar\/baa231f7e1963b29d6549eb0e137b049d877d4e97c51386f463c7d4fc98329bd?s=96&d=mm&r=g","url":"https:\/\/secure.gravatar.com\/avatar\/baa231f7e1963b29d6549eb0e137b049d877d4e97c51386f463c7d4fc98329bd?s=96&d=mm&r=g","height":96,"width":96}},"publisher":{"@type":"Organization","name":"nagyn.cz","logo":{"@type":"ImageObject","@id":"\/logo.png","url":"\/logo.png","width":600,"height":60}},"image":{"@type":"ImageObject","@id":"https:\/\/www.nagyn.cz\/wp-content\/uploads\/istockphoto-1945303497-612x612.jpg","url":"https:\/\/www.nagyn.cz\/wp-content\/uploads\/istockphoto-1945303497-612x612.jpg","height":0,"width":0},"url":"https:\/\/www.nagyn.cz\/neobvykla-mikina-s-prekvapenim\/","about":["Podnik\u00e1n\u00ed"],"wordCount":437,"articleBody":"   Na sv\u011bt\u011b je plno neobvykl\u00fdch d\u00e1rk\u016f, a n\u011bkter\u00e9 jsou opravdu velice zaj\u00edmav\u00e9, proto\u017ee pr\u00e1v\u011b ty zaj\u00edmav\u00e9 d\u00e1rky jsou opravdu velice fajn. Ur\u010dit\u011b ka\u017ed\u00fd m\u00e1 r\u00e1d prost\u011b ten neobvykl\u00fd d\u00e1rek. A nejlep\u0161\u00ed je, kdy\u017e ten neobvykl\u00fd d\u00e1rek prost\u011b budete  darovat t \u00fapln\u011b n\u011bkomu jin\u00e9mu, proto\u017ee mysl\u00edm si, \u017ee rozhodn\u011b neobvykl\u00fdm d\u00e1rkem m\u016f\u017eete rozhodn\u011b kohokoliv kr\u00e1sn\u011b nadchnout a m\u016f\u017eete ho kr\u00e1sn\u011b oslnit t\u00edm, \u017ee jste prost\u011b koupili tomu \u010dlov\u011bku neobvykl\u00fd d\u00e1rek. Ka\u017ed\u00fd \u010dlov\u011bk m\u00e1 prost\u011b svoji fantazii. Ale pokud chceme n\u011bkomu druh\u00e9mu koupit, tak prost\u011b mus\u00edme p\u0159em\u00fd\u0161let nad t\u00edm, co ten druh\u00fd prost\u011b m\u00e1 r\u00e1d, nebo co nejrad\u0161i nos\u00ed, a \u010d\u00edm bychom ho opravdu p\u0159ekvapili. A hlavn\u011b pr\u00e1v\u011b t\u00edm neobvykl\u00fdm d\u00e1rkem, kter\u00fdm prost\u011b bychom tomu \u010dlov\u011bku ud\u011blali tu velkou radost. Tak\u017ee v\u017edycky bychom toho \u010dlov\u011bka, nebo ty lidi, kter\u00e9 chceme obdarovat neobvykl\u00fdm d\u00e1rkem, mus\u00edme tro\u0161ku v\u00edce sledovat, abychom zjistili, co t\u0159eba tomu \u010dlov\u011bku koupit za ten zaj\u00edmav\u00fd d\u00e1rek. A co t\u0159eba \u0159\u00edk\u00e1te koupit reklamn\u00ed mikinu? Popravd\u011b, n\u011bkdo si \u0159\u00edk\u00e1, co to znamen\u00e1 reklamn\u00ed mikina, ale ta je t\u0159eba pro zam\u011bstnance. Tak\u017ee pokud chcete obdarovat zam\u011bstnance sv\u00e9ho vedouc\u00edho, tak prost\u011b d\u00e1te na reklamn\u00ed mikinu logo firmy. Opravdu m\u016f\u017eete koupit mikinu jak s kapuc\u00ed, bez kapuce a jakoukoliv barvu, to, co prost\u011b se v\u00e1m l\u00edb\u00ed, a m\u016f\u017eete prost\u011b obdarovat v\u0161echny svoje zam\u011bstnance, vedouc\u00edho a prost\u011b nab\u00eddnout, \u017ee by mohli zam\u011bstnanci nosit takov\u00e9 mikiny.Tak\u017ee opravdu si mysl\u00edm, \u017ee to je velice kr\u00e1sn\u00fd d\u00e1rek, a takov\u00e9 mikiny m\u016f\u017eete reklamn\u00ed vytvo\u0159it i pro svou rodinu, i pro svoje d\u011bti, a m\u016f\u017eete si cokoliv na n\u011b d\u00e1t. Tak\u017ee opravdu je to velice zaj\u00edmav\u00e9, proto\u017ee takov\u00e9 reklamn\u00ed mikiny m\u016f\u017eete vytvo\u0159it \u00fapln\u011b jakkoliv chcete, a m\u016f\u017eete obdarovat \u00fapln\u011b v\u0161echny v\u011bkov\u00e9 kategorie. A opravdu v\u0161echny lidi, kter\u00e9 prost\u011b m\u00e1te r\u00e1di, a chcete je kone\u010dn\u011b po\u0159\u00e1dn\u011b nadchnout t\u00edm, \u017ee jim koup\u00edte takovou zvl\u00e1\u0161tn\u00ed reklamn\u00ed mikinu. Tak\u017ee hodn\u011b si mysl\u00edm, \u017ee reklamn\u00ed mikina m\u00e1 opravdu kr\u00e1sn\u00e9 kouzlo v tom, \u017ee m\u016f\u017eete ka\u017ed\u00e9ho obdarovat, a je to opravdu velice neobvykl\u00fd d\u00e1rek, proto\u017ee takov\u00e1 reklamn\u00ed mikina opravdu je velice neobvykl\u00e1.                                                                                                                                                                                                                                                                                                                                                                                          4.4\/5 - (5 votes)        "},{"@context":"https:\/\/schema.org\/","@type":"BreadcrumbList","itemListElement":[{"@type":"ListItem","position":1,"name":"Neobvykl\u00e1 mikina s p\u0159ekvapen\u00edm","item":"https:\/\/www.nagyn.cz\/neobvykla-mikina-s-prekvapenim\/#breadcrumbitem"}]}]