[{"@context":"https:\/\/schema.org\/","@type":"Article","@id":"https:\/\/www.nagyn.cz\/ochrana-organismu-pred-kyslikovymi-radikaly\/#Article","mainEntityOfPage":"https:\/\/www.nagyn.cz\/ochrana-organismu-pred-kyslikovymi-radikaly\/","headline":"Ochrana organismu p\u0159ed kysl\u00edkov\u00fdmi radik\u00e1ly","name":"Ochrana organismu p\u0159ed kysl\u00edkov\u00fdmi radik\u00e1ly","description":"Kysl\u00edkov\u00e9 radik\u00e1ly jsou pro na\u0161e t\u011blo \u0161kodliv\u00e9. Bylinn\u00e9 extrakty a vitam\u00edn E v p\u0159\u00edpravkuemulips jsou siln\u00fdmi antioxidanty. Tak je t\u011blo chr\u00e1n\u011bno p\u0159ed \u0161kodliv\u00fdm p\u016fsoben\u00edm kysl\u00edkov\u00fdch radik\u00e1l\u016f. Radik\u00e1ly toti\u017e mohou zp\u016fsobit vznik rakoviny, nebo urychlit st\u00e1rnut\u00ed bun\u011bk. Tak\u00e9 chronick\u00e9 z\u00e1n\u011bty jsou \u010dasto v\u00fdsledkem p\u016fsoben\u00ed radik\u00e1l\u016f kysl\u00edku. Prost\u0159ed\u00ed je dnes siln\u011b zne\u010di\u0161t\u011bno, a \u0161kodliviny jsou i v potrav\u011b. Nav\u00edc si \u010dasto vyb\u00edr\u00e1me potraviny nezdrav\u00e9. To v\u0161e nenapom\u00e1h\u00e1 na\u0161emu zdrav\u00ed. Podpo\u0159te sv\u00e9 zdrav\u00ed<div class=\"read-more\"><a class=\"btn read-more-btn\" href=\"https:\/\/www.nagyn.cz\/ochrana-organismu-pred-kyslikovymi-radikaly\/\">Read More<\/a><\/div>","datePublished":"2025-01-20","dateModified":"2025-01-20","author":{"@type":"Person","@id":"https:\/\/www.nagyn.cz\/author\/#Person","name":"","url":"https:\/\/www.nagyn.cz\/author\/","identifier":1,"image":{"@type":"ImageObject","@id":"https:\/\/secure.gravatar.com\/avatar\/baa231f7e1963b29d6549eb0e137b049d877d4e97c51386f463c7d4fc98329bd?s=96&d=mm&r=g","url":"https:\/\/secure.gravatar.com\/avatar\/baa231f7e1963b29d6549eb0e137b049d877d4e97c51386f463c7d4fc98329bd?s=96&d=mm&r=g","height":96,"width":96}},"publisher":{"@type":"Organization","name":"nagyn.cz","logo":{"@type":"ImageObject","@id":"\/logo.png","url":"\/logo.png","width":600,"height":60}},"url":"https:\/\/www.nagyn.cz\/ochrana-organismu-pred-kyslikovymi-radikaly\/","wordCount":177,"articleBody":"Kysl\u00edkov\u00e9 radik\u00e1ly jsou pro na\u0161e t\u011blo \u0161kodliv\u00e9. Bylinn\u00e9 extrakty a vitam\u00edn E v p\u0159\u00edpravkuemulips jsou siln\u00fdmi antioxidanty. Tak je t\u011blo chr\u00e1n\u011bno p\u0159ed \u0161kodliv\u00fdm p\u016fsoben\u00edm kysl\u00edkov\u00fdch radik\u00e1l\u016f. Radik\u00e1ly toti\u017e mohou zp\u016fsobit vznik rakoviny, nebo urychlit st\u00e1rnut\u00ed bun\u011bk. Tak\u00e9 chronick\u00e9 z\u00e1n\u011bty jsou \u010dasto v\u00fdsledkem p\u016fsoben\u00ed radik\u00e1l\u016f kysl\u00edku. Prost\u0159ed\u00ed je dnes siln\u011b zne\u010di\u0161t\u011bno, a \u0161kodliviny jsou i v potrav\u011b. Nav\u00edc si \u010dasto vyb\u00edr\u00e1me potraviny nezdrav\u00e9. To v\u0161e nenapom\u00e1h\u00e1 na\u0161emu zdrav\u00ed.Podpo\u0159te sv\u00e9 zdrav\u00edPodpo\u0159te sv\u00e9 zdrav\u00ed, a vyzkou\u0161ejte emulips. Ud\u011bl\u00e1te pro sebe mnoho dobr\u00e9ho. M\u016f\u017eete jej i darovat jist\u011b takov\u00fd dar pot\u011b\u0161\u00ed. P\u0159\u00edpravek pos\u00edl\u00ed cel\u00fd organismus. Pokud nap\u0159\u00edklad trp\u00edte chronickou \u00fanavou a negativn\u011b se na v\u00e1s podepisuje stres, pos\u00edl\u00edte t\u00edmto prepar\u00e1tem nervovou soustavu a budete se c\u00edtit v\u00edce plni energie ne\u017e d\u0159\u00edve.                                                                                                                                                                                                                                                                                                                                                                                        5\/5 - (1 vote)        "},{"@context":"https:\/\/schema.org\/","@type":"BreadcrumbList","itemListElement":[{"@type":"ListItem","position":1,"name":"Ochrana organismu p\u0159ed kysl\u00edkov\u00fdmi radik\u00e1ly","item":"https:\/\/www.nagyn.cz\/ochrana-organismu-pred-kyslikovymi-radikaly\/#breadcrumbitem"}]}]