[{"@context":"https:\/\/schema.org\/","@type":"Blog","@id":"https:\/\/www.nagyn.cz#Blog","headline":"Nagyn","description":"\nPomoc pot\u0159ebuje \u010das od \u010dasu ka\u017ed\u00fd. A nemus\u00ed b\u00fdt v\u016fbec na \u0161kodu, je-li tato virtu\u00e1ln\u00ed. Jako je ta, je\u017e se v\u00e1m nab\u00edz\u00ed na na\u0161\u00ed internetov\u00e9 str\u00e1nce.","url":"https:\/\/www.nagyn.cz","hasPart":[{"@type":"Article","@id":"https:\/\/www.nagyn.cz\/najit-skutecneho-odbornika-neni-v-dnesni-dobe-vubec-jednoduche\/","headline":"Naj\u00edt skute\u010dn\u00e9ho odborn\u00edka nen\u00ed v dne\u0161n\u00ed dob\u011b v\u016fbec jednoduch\u00e9","url":"https:\/\/www.nagyn.cz\/najit-skutecneho-odbornika-neni-v-dnesni-dobe-vubec-jednoduche\/","datePublished":"2020-02-15","dateModified":"2023-05-09","mainEntityOfPage":"https:\/\/www.nagyn.cz\/najit-skutecneho-odbornika-neni-v-dnesni-dobe-vubec-jednoduche\/","author":{"@type":"Person","@id":"https:\/\/www.nagyn.cz\/author\/#Person","name":"","url":"https:\/\/www.nagyn.cz\/author\/","identifier":1,"image":{"@type":"ImageObject","@id":"https:\/\/secure.gravatar.com\/avatar\/baa231f7e1963b29d6549eb0e137b049d877d4e97c51386f463c7d4fc98329bd?s=96&d=mm&r=g","url":"https:\/\/secure.gravatar.com\/avatar\/baa231f7e1963b29d6549eb0e137b049d877d4e97c51386f463c7d4fc98329bd?s=96&d=mm&r=g","height":96,"width":96}},"publisher":{"@type":"Organization","name":"nagyn.cz","logo":{"@type":"ImageObject","@id":"\/logo.png","url":"\/logo.png","width":600,"height":60}},"image":{"@type":"ImageObject","@id":"https:\/\/www.nagyn.cz\/wp-content\/uploads\/img_a379653_w3085_t1591180083.jpg","url":"https:\/\/www.nagyn.cz\/wp-content\/uploads\/img_a379653_w3085_t1591180083.jpg","height":0,"width":0},"wordCount":476,"keywords":null},{"@type":"Article","@id":"https:\/\/www.nagyn.cz\/drevostavba-ano-nebo-ne\/","headline":"D\u0159evostavba? Ano nebo ne?","url":"https:\/\/www.nagyn.cz\/drevostavba-ano-nebo-ne\/","datePublished":"2020-01-13","dateModified":"2023-05-09","mainEntityOfPage":"https:\/\/www.nagyn.cz\/drevostavba-ano-nebo-ne\/","author":{"@type":"Person","@id":"https:\/\/www.nagyn.cz\/author\/#Person","name":"","url":"https:\/\/www.nagyn.cz\/author\/","identifier":1,"image":{"@type":"ImageObject","@id":"https:\/\/secure.gravatar.com\/avatar\/baa231f7e1963b29d6549eb0e137b049d877d4e97c51386f463c7d4fc98329bd?s=96&d=mm&r=g","url":"https:\/\/secure.gravatar.com\/avatar\/baa231f7e1963b29d6549eb0e137b049d877d4e97c51386f463c7d4fc98329bd?s=96&d=mm&r=g","height":96,"width":96}},"publisher":{"@type":"Organization","name":"nagyn.cz","logo":{"@type":"ImageObject","@id":"\/logo.png","url":"\/logo.png","width":600,"height":60}},"image":{"@type":"ImageObject","@id":"https:\/\/www.nagyn.cz\/wp-content\/uploads\/img_a374829_w1973_t1586432654.jpg","url":"https:\/\/www.nagyn.cz\/wp-content\/uploads\/img_a374829_w1973_t1586432654.jpg","height":0,"width":0},"wordCount":516,"keywords":null},{"@type":"Article","@id":"https:\/\/www.nagyn.cz\/moje-prace-je-blogger\/","headline":"Moje pr\u00e1ce je blogger","url":"https:\/\/www.nagyn.cz\/moje-prace-je-blogger\/","datePublished":"2020-01-11","dateModified":"2023-05-09","mainEntityOfPage":"https:\/\/www.nagyn.cz\/moje-prace-je-blogger\/","author":{"@type":"Person","@id":"https:\/\/www.nagyn.cz\/author\/#Person","name":"","url":"https:\/\/www.nagyn.cz\/author\/","identifier":1,"image":{"@type":"ImageObject","@id":"https:\/\/secure.gravatar.com\/avatar\/baa231f7e1963b29d6549eb0e137b049d877d4e97c51386f463c7d4fc98329bd?s=96&d=mm&r=g","url":"https:\/\/secure.gravatar.com\/avatar\/baa231f7e1963b29d6549eb0e137b049d877d4e97c51386f463c7d4fc98329bd?s=96&d=mm&r=g","height":96,"width":96}},"publisher":{"@type":"Organization","name":"nagyn.cz","logo":{"@type":"ImageObject","@id":"\/logo.png","url":"\/logo.png","width":600,"height":60}},"image":{"@type":"ImageObject","@id":"https:\/\/www.nagyn.cz\/wp-content\/uploads\/img_a369818_w3085_t1581803493.jpg","url":"https:\/\/www.nagyn.cz\/wp-content\/uploads\/img_a369818_w3085_t1581803493.jpg","height":0,"width":0},"wordCount":4478,"keywords":null},{"@type":"Article","@id":"https:\/\/www.nagyn.cz\/darkove-poukazy-na-unikovou-hru\/","headline":"D\u00e1rkov\u00e9 poukazy na \u00fanikovou hru","url":"https:\/\/www.nagyn.cz\/darkove-poukazy-na-unikovou-hru\/","datePublished":"2020-01-03","dateModified":"2023-05-09","mainEntityOfPage":"https:\/\/www.nagyn.cz\/darkove-poukazy-na-unikovou-hru\/","author":{"@type":"Person","@id":"https:\/\/www.nagyn.cz\/author\/#Person","name":"","url":"https:\/\/www.nagyn.cz\/author\/","identifier":1,"image":{"@type":"ImageObject","@id":"https:\/\/secure.gravatar.com\/avatar\/baa231f7e1963b29d6549eb0e137b049d877d4e97c51386f463c7d4fc98329bd?s=96&d=mm&r=g","url":"https:\/\/secure.gravatar.com\/avatar\/baa231f7e1963b29d6549eb0e137b049d877d4e97c51386f463c7d4fc98329bd?s=96&d=mm&r=g","height":96,"width":96}},"publisher":{"@type":"Organization","name":"nagyn.cz","logo":{"@type":"ImageObject","@id":"\/logo.png","url":"\/logo.png","width":600,"height":60}},"image":{"@type":"ImageObject","@id":"https:\/\/www.nagyn.cz\/wp-content\/uploads\/img_a378742_w3085_t1589889436.jpg","url":"https:\/\/www.nagyn.cz\/wp-content\/uploads\/img_a378742_w3085_t1589889436.jpg","height":0,"width":0},"wordCount":540,"keywords":null},{"@type":"Article","@id":"https:\/\/www.nagyn.cz\/pujcovna-dodavek\/","headline":"P\u016fj\u010dovna dod\u00e1vek","url":"https:\/\/www.nagyn.cz\/pujcovna-dodavek\/","datePublished":"2020-01-03","dateModified":"2020-01-03","mainEntityOfPage":"https:\/\/www.nagyn.cz\/pujcovna-dodavek\/","author":{"@type":"Person","@id":"https:\/\/www.nagyn.cz\/author\/#Person","name":"","url":"https:\/\/www.nagyn.cz\/author\/","identifier":1,"image":{"@type":"ImageObject","@id":"https:\/\/secure.gravatar.com\/avatar\/baa231f7e1963b29d6549eb0e137b049d877d4e97c51386f463c7d4fc98329bd?s=96&d=mm&r=g","url":"https:\/\/secure.gravatar.com\/avatar\/baa231f7e1963b29d6549eb0e137b049d877d4e97c51386f463c7d4fc98329bd?s=96&d=mm&r=g","height":96,"width":96}},"publisher":{"@type":"Organization","name":"nagyn.cz","logo":{"@type":"ImageObject","@id":"\/logo.png","url":"\/logo.png","width":600,"height":60}},"image":{"@type":"ImageObject","@id":"https:\/\/www.nagyn.cz\/wp-content\/uploads\/img_a373555_w1935_t1585048209.jpg","url":"https:\/\/www.nagyn.cz\/wp-content\/uploads\/img_a373555_w1935_t1585048209.jpg","height":0,"width":0},"wordCount":548,"keywords":null},{"@type":"Article","@id":"https:\/\/www.nagyn.cz\/konsolidace-uveru\/","headline":"Konsolidace \u00fav\u011br\u016f","url":"https:\/\/www.nagyn.cz\/konsolidace-uveru\/","datePublished":"2019-12-24","dateModified":"2023-05-09","mainEntityOfPage":"https:\/\/www.nagyn.cz\/konsolidace-uveru\/","author":{"@type":"Person","@id":"https:\/\/www.nagyn.cz\/author\/#Person","name":"","url":"https:\/\/www.nagyn.cz\/author\/","identifier":1,"image":{"@type":"ImageObject","@id":"https:\/\/secure.gravatar.com\/avatar\/baa231f7e1963b29d6549eb0e137b049d877d4e97c51386f463c7d4fc98329bd?s=96&d=mm&r=g","url":"https:\/\/secure.gravatar.com\/avatar\/baa231f7e1963b29d6549eb0e137b049d877d4e97c51386f463c7d4fc98329bd?s=96&d=mm&r=g","height":96,"width":96}},"publisher":{"@type":"Organization","name":"nagyn.cz","logo":{"@type":"ImageObject","@id":"\/logo.png","url":"\/logo.png","width":600,"height":60}},"image":{"@type":"ImageObject","@id":"https:\/\/www.nagyn.cz\/wp-content\/uploads\/img_a377746_w3085_t1589265873.jpg","url":"https:\/\/www.nagyn.cz\/wp-content\/uploads\/img_a377746_w3085_t1589265873.jpg","height":0,"width":0},"wordCount":556,"keywords":null},{"@type":"Article","@id":"https:\/\/www.nagyn.cz\/insolvence-reseni-pro-kazdeho\/","headline":"Insolvence \u2013 \u0159e\u0161en\u00ed pro ka\u017ed\u00e9ho?","url":"https:\/\/www.nagyn.cz\/insolvence-reseni-pro-kazdeho\/","datePublished":"2019-12-19","dateModified":"2019-12-19","mainEntityOfPage":"https:\/\/www.nagyn.cz\/insolvence-reseni-pro-kazdeho\/","author":{"@type":"Person","@id":"https:\/\/www.nagyn.cz\/author\/#Person","name":"","url":"https:\/\/www.nagyn.cz\/author\/","identifier":1,"image":{"@type":"ImageObject","@id":"https:\/\/secure.gravatar.com\/avatar\/baa231f7e1963b29d6549eb0e137b049d877d4e97c51386f463c7d4fc98329bd?s=96&d=mm&r=g","url":"https:\/\/secure.gravatar.com\/avatar\/baa231f7e1963b29d6549eb0e137b049d877d4e97c51386f463c7d4fc98329bd?s=96&d=mm&r=g","height":96,"width":96}},"publisher":{"@type":"Organization","name":"nagyn.cz","logo":{"@type":"ImageObject","@id":"\/logo.png","url":"\/logo.png","width":600,"height":60}},"image":{"@type":"ImageObject","@id":"https:\/\/www.nagyn.cz\/wp-content\/uploads\/img_a364016_w4419_t1576744758.jpg","url":"https:\/\/www.nagyn.cz\/wp-content\/uploads\/img_a364016_w4419_t1576744758.jpg","height":0,"width":0},"wordCount":761,"keywords":null},{"@type":"Article","@id":"https:\/\/www.nagyn.cz\/jak-zabavit-deti-v-zime\/","headline":"Jak zabavit d\u011bti v zim\u011b?","url":"https:\/\/www.nagyn.cz\/jak-zabavit-deti-v-zime\/","datePublished":"2019-12-11","dateModified":"2023-05-09","mainEntityOfPage":"https:\/\/www.nagyn.cz\/jak-zabavit-deti-v-zime\/","author":{"@type":"Person","@id":"https:\/\/www.nagyn.cz\/author\/#Person","name":"","url":"https:\/\/www.nagyn.cz\/author\/","identifier":1,"image":{"@type":"ImageObject","@id":"https:\/\/secure.gravatar.com\/avatar\/baa231f7e1963b29d6549eb0e137b049d877d4e97c51386f463c7d4fc98329bd?s=96&d=mm&r=g","url":"https:\/\/secure.gravatar.com\/avatar\/baa231f7e1963b29d6549eb0e137b049d877d4e97c51386f463c7d4fc98329bd?s=96&d=mm&r=g","height":96,"width":96}},"publisher":{"@type":"Organization","name":"nagyn.cz","logo":{"@type":"ImageObject","@id":"\/logo.png","url":"\/logo.png","width":600,"height":60}},"image":{"@type":"ImageObject","@id":"https:\/\/www.nagyn.cz\/wp-content\/uploads\/img_a362545_w4371_t1575715682.jpg","url":"https:\/\/www.nagyn.cz\/wp-content\/uploads\/img_a362545_w4371_t1575715682.jpg","height":0,"width":0},"wordCount":4612,"keywords":null},{"@type":"Article","@id":"https:\/\/www.nagyn.cz\/vyhled-ktery-stoji-za-to\/","headline":"V\u00fdhled, kter\u00fd stoj\u00ed za to","url":"https:\/\/www.nagyn.cz\/vyhled-ktery-stoji-za-to\/","datePublished":"2019-11-06","dateModified":"2023-05-09","mainEntityOfPage":"https:\/\/www.nagyn.cz\/vyhled-ktery-stoji-za-to\/","author":{"@type":"Person","@id":"https:\/\/www.nagyn.cz\/author\/#Person","name":"","url":"https:\/\/www.nagyn.cz\/author\/","identifier":1,"image":{"@type":"ImageObject","@id":"https:\/\/secure.gravatar.com\/avatar\/baa231f7e1963b29d6549eb0e137b049d877d4e97c51386f463c7d4fc98329bd?s=96&d=mm&r=g","url":"https:\/\/secure.gravatar.com\/avatar\/baa231f7e1963b29d6549eb0e137b049d877d4e97c51386f463c7d4fc98329bd?s=96&d=mm&r=g","height":96,"width":96}},"publisher":{"@type":"Organization","name":"nagyn.cz","logo":{"@type":"ImageObject","@id":"\/logo.png","url":"\/logo.png","width":600,"height":60}},"image":{"@type":"ImageObject","@id":"https:\/\/www.nagyn.cz\/wp-content\/uploads\/img_a361777_w3085_t1574877600.jpg","url":"https:\/\/www.nagyn.cz\/wp-content\/uploads\/img_a361777_w3085_t1574877600.jpg","height":0,"width":0},"wordCount":583,"keywords":null},{"@type":"Article","@id":"https:\/\/www.nagyn.cz\/snizte-hluk-i-vznik-tepla-na-minimum\/","headline":"Sni\u017ete hluk i vznik tepla na minimum","url":"https:\/\/www.nagyn.cz\/snizte-hluk-i-vznik-tepla-na-minimum\/","datePublished":"2019-11-06","dateModified":"2019-11-06","mainEntityOfPage":"https:\/\/www.nagyn.cz\/snizte-hluk-i-vznik-tepla-na-minimum\/","author":{"@type":"Person","@id":"https:\/\/www.nagyn.cz\/author\/#Person","name":"","url":"https:\/\/www.nagyn.cz\/author\/","identifier":1,"image":{"@type":"ImageObject","@id":"https:\/\/secure.gravatar.com\/avatar\/baa231f7e1963b29d6549eb0e137b049d877d4e97c51386f463c7d4fc98329bd?s=96&d=mm&r=g","url":"https:\/\/secure.gravatar.com\/avatar\/baa231f7e1963b29d6549eb0e137b049d877d4e97c51386f463c7d4fc98329bd?s=96&d=mm&r=g","height":96,"width":96}},"publisher":{"@type":"Organization","name":"nagyn.cz","logo":{"@type":"ImageObject","@id":"\/logo.png","url":"\/logo.png","width":600,"height":60}},"image":{"@type":"ImageObject","@id":"https:\/\/www.nagyn.cz\/wp-content\/uploads\/img_a365138_w1702_t1578172138.jpg","url":"https:\/\/www.nagyn.cz\/wp-content\/uploads\/img_a365138_w1702_t1578172138.jpg","height":0,"width":0},"wordCount":565,"keywords":null}]},{"@context":"https:\/\/schema.org","@type":"WebSite","@id":"https:\/\/www.nagyn.cz\/#website","name":"Nagyn","url":"https:\/\/www.nagyn.cz","potentialAction":{"@type":"SearchAction","target":"https:\/\/www.nagyn.cz\/?s={search_term_string}","query-input":"required name=search_term_string"}}]