[{"@context":"https:\/\/schema.org\/","@type":"Blog","@id":"https:\/\/www.nagyn.cz#Blog","headline":"Nagyn","description":"\nPomoc pot\u0159ebuje \u010das od \u010dasu ka\u017ed\u00fd. A nemus\u00ed b\u00fdt v\u016fbec na \u0161kodu, je-li tato virtu\u00e1ln\u00ed. Jako je ta, je\u017e se v\u00e1m nab\u00edz\u00ed na na\u0161\u00ed internetov\u00e9 str\u00e1nce.","url":"https:\/\/www.nagyn.cz","hasPart":[{"@type":"Article","@id":"https:\/\/www.nagyn.cz\/snizte-hluk-i-vznik-tepla-na-minimum\/","headline":"Sni\u017ete hluk i vznik tepla na minimum","url":"https:\/\/www.nagyn.cz\/snizte-hluk-i-vznik-tepla-na-minimum\/","datePublished":"2019-11-06","dateModified":"2019-11-06","mainEntityOfPage":"https:\/\/www.nagyn.cz\/snizte-hluk-i-vznik-tepla-na-minimum\/","author":{"@type":"Person","@id":"https:\/\/www.nagyn.cz\/author\/#Person","name":"","url":"https:\/\/www.nagyn.cz\/author\/","identifier":1,"image":{"@type":"ImageObject","@id":"https:\/\/secure.gravatar.com\/avatar\/baa231f7e1963b29d6549eb0e137b049d877d4e97c51386f463c7d4fc98329bd?s=96&d=mm&r=g","url":"https:\/\/secure.gravatar.com\/avatar\/baa231f7e1963b29d6549eb0e137b049d877d4e97c51386f463c7d4fc98329bd?s=96&d=mm&r=g","height":96,"width":96}},"publisher":{"@type":"Organization","name":"nagyn.cz","logo":{"@type":"ImageObject","@id":"\/logo.png","url":"\/logo.png","width":600,"height":60}},"image":{"@type":"ImageObject","@id":"https:\/\/www.nagyn.cz\/wp-content\/uploads\/img_a365138_w1702_t1578172138.jpg","url":"https:\/\/www.nagyn.cz\/wp-content\/uploads\/img_a365138_w1702_t1578172138.jpg","height":0,"width":0},"wordCount":565,"keywords":null},{"@type":"Article","@id":"https:\/\/www.nagyn.cz\/postel-v-detskem-pokoji\/","headline":"Postel v d\u011btsk\u00e9m pokoji","url":"https:\/\/www.nagyn.cz\/postel-v-detskem-pokoji\/","datePublished":"2019-10-14","dateModified":"2023-05-09","mainEntityOfPage":"https:\/\/www.nagyn.cz\/postel-v-detskem-pokoji\/","author":{"@type":"Person","@id":"https:\/\/www.nagyn.cz\/author\/#Person","name":"","url":"https:\/\/www.nagyn.cz\/author\/","identifier":1,"image":{"@type":"ImageObject","@id":"https:\/\/secure.gravatar.com\/avatar\/baa231f7e1963b29d6549eb0e137b049d877d4e97c51386f463c7d4fc98329bd?s=96&d=mm&r=g","url":"https:\/\/secure.gravatar.com\/avatar\/baa231f7e1963b29d6549eb0e137b049d877d4e97c51386f463c7d4fc98329bd?s=96&d=mm&r=g","height":96,"width":96}},"publisher":{"@type":"Organization","name":"nagyn.cz","logo":{"@type":"ImageObject","@id":"\/logo.png","url":"\/logo.png","width":600,"height":60}},"image":{"@type":"ImageObject","@id":"https:\/\/www.nagyn.cz\/wp-content\/uploads\/img_a366519_w2071_t1579154808.jpg","url":"https:\/\/www.nagyn.cz\/wp-content\/uploads\/img_a366519_w2071_t1579154808.jpg","height":0,"width":0},"wordCount":4601,"keywords":null},{"@type":"Article","@id":"https:\/\/www.nagyn.cz\/nasetrit-se-da-na-cokoliv\/","headline":"Na\u0161et\u0159it se d\u00e1 na cokoliv","url":"https:\/\/www.nagyn.cz\/nasetrit-se-da-na-cokoliv\/","datePublished":"2019-09-21","dateModified":"2023-05-09","mainEntityOfPage":"https:\/\/www.nagyn.cz\/nasetrit-se-da-na-cokoliv\/","author":{"@type":"Person","@id":"https:\/\/www.nagyn.cz\/author\/#Person","name":"","url":"https:\/\/www.nagyn.cz\/author\/","identifier":1,"image":{"@type":"ImageObject","@id":"https:\/\/secure.gravatar.com\/avatar\/baa231f7e1963b29d6549eb0e137b049d877d4e97c51386f463c7d4fc98329bd?s=96&d=mm&r=g","url":"https:\/\/secure.gravatar.com\/avatar\/baa231f7e1963b29d6549eb0e137b049d877d4e97c51386f463c7d4fc98329bd?s=96&d=mm&r=g","height":96,"width":96}},"publisher":{"@type":"Organization","name":"nagyn.cz","logo":{"@type":"ImageObject","@id":"\/logo.png","url":"\/logo.png","width":600,"height":60}},"image":{"@type":"ImageObject","@id":"https:\/\/www.nagyn.cz\/wp-content\/uploads\/img_a355521_w3085_t1569749292.png","url":"https:\/\/www.nagyn.cz\/wp-content\/uploads\/img_a355521_w3085_t1569749292.png","height":0,"width":0},"wordCount":4580,"keywords":null},{"@type":"Article","@id":"https:\/\/www.nagyn.cz\/vsadte-na-bezpeci\/","headline":"Vsa\u010fte na bezpe\u010d\u00ed","url":"https:\/\/www.nagyn.cz\/vsadte-na-bezpeci\/","datePublished":"2019-09-12","dateModified":"2023-11-02","mainEntityOfPage":"https:\/\/www.nagyn.cz\/vsadte-na-bezpeci\/","author":{"@type":"Person","@id":"https:\/\/www.nagyn.cz\/author\/#Person","name":"","url":"https:\/\/www.nagyn.cz\/author\/","identifier":1,"image":{"@type":"ImageObject","@id":"https:\/\/secure.gravatar.com\/avatar\/baa231f7e1963b29d6549eb0e137b049d877d4e97c51386f463c7d4fc98329bd?s=96&d=mm&r=g","url":"https:\/\/secure.gravatar.com\/avatar\/baa231f7e1963b29d6549eb0e137b049d877d4e97c51386f463c7d4fc98329bd?s=96&d=mm&r=g","height":96,"width":96}},"publisher":{"@type":"Organization","name":"nagyn.cz","logo":{"@type":"ImageObject","@id":"\/logo.png","url":"\/logo.png","width":600,"height":60}},"image":{"@type":"ImageObject","@id":"https:\/\/www.nagyn.cz\/wp-content\/uploads\/img_a346779_w1734_t1561097228.jpg","url":"https:\/\/www.nagyn.cz\/wp-content\/uploads\/img_a346779_w1734_t1561097228.jpg","height":0,"width":0},"wordCount":511,"keywords":null},{"@type":"Article","@id":"https:\/\/www.nagyn.cz\/hracky-na-zahradu-ktere-vase-deti-oceni\/","headline":"Hra\u010dky na zahradu, kter\u00e9 va\u0161e d\u011bti ocen\u00ed","url":"https:\/\/www.nagyn.cz\/hracky-na-zahradu-ktere-vase-deti-oceni\/","datePublished":"2019-09-09","dateModified":"2023-05-09","mainEntityOfPage":"https:\/\/www.nagyn.cz\/hracky-na-zahradu-ktere-vase-deti-oceni\/","author":{"@type":"Person","@id":"https:\/\/www.nagyn.cz\/author\/#Person","name":"","url":"https:\/\/www.nagyn.cz\/author\/","identifier":1,"image":{"@type":"ImageObject","@id":"https:\/\/secure.gravatar.com\/avatar\/baa231f7e1963b29d6549eb0e137b049d877d4e97c51386f463c7d4fc98329bd?s=96&d=mm&r=g","url":"https:\/\/secure.gravatar.com\/avatar\/baa231f7e1963b29d6549eb0e137b049d877d4e97c51386f463c7d4fc98329bd?s=96&d=mm&r=g","height":96,"width":96}},"publisher":{"@type":"Organization","name":"nagyn.cz","logo":{"@type":"ImageObject","@id":"\/logo.png","url":"\/logo.png","width":600,"height":60}},"image":{"@type":"ImageObject","@id":"https:\/\/www.nagyn.cz\/wp-content\/uploads\/img_a369886_w2127_t1581837603.jpg","url":"https:\/\/www.nagyn.cz\/wp-content\/uploads\/img_a369886_w2127_t1581837603.jpg","height":0,"width":0},"wordCount":4538,"keywords":null},{"@type":"Article","@id":"https:\/\/www.nagyn.cz\/jedla-nejedla-nebo-jedovata\/","headline":"Jedl\u00e1, nejedl\u00e1 nebo jedovat\u00e1?","url":"https:\/\/www.nagyn.cz\/jedla-nejedla-nebo-jedovata\/","datePublished":"2019-09-09","dateModified":"2023-05-09","mainEntityOfPage":"https:\/\/www.nagyn.cz\/jedla-nejedla-nebo-jedovata\/","author":{"@type":"Person","@id":"https:\/\/www.nagyn.cz\/author\/#Person","name":"","url":"https:\/\/www.nagyn.cz\/author\/","identifier":1,"image":{"@type":"ImageObject","@id":"https:\/\/secure.gravatar.com\/avatar\/baa231f7e1963b29d6549eb0e137b049d877d4e97c51386f463c7d4fc98329bd?s=96&d=mm&r=g","url":"https:\/\/secure.gravatar.com\/avatar\/baa231f7e1963b29d6549eb0e137b049d877d4e97c51386f463c7d4fc98329bd?s=96&d=mm&r=g","height":96,"width":96}},"publisher":{"@type":"Organization","name":"nagyn.cz","logo":{"@type":"ImageObject","@id":"\/logo.png","url":"\/logo.png","width":600,"height":60}},"image":{"@type":"ImageObject","@id":"https:\/\/www.nagyn.cz\/wp-content\/uploads\/img_a354791_w3085_t1569334665.jpg","url":"https:\/\/www.nagyn.cz\/wp-content\/uploads\/img_a354791_w3085_t1569334665.jpg","height":0,"width":0},"wordCount":518,"keywords":null},{"@type":"Article","@id":"https:\/\/www.nagyn.cz\/svatbu-pomoci-cateringu-si-uzijete-na-jednicku\/","headline":"Svatbu pomoc\u00ed cateringu si u\u017eijete na jedni\u010dku","url":"https:\/\/www.nagyn.cz\/svatbu-pomoci-cateringu-si-uzijete-na-jednicku\/","datePublished":"2019-09-07","dateModified":"2023-05-09","mainEntityOfPage":"https:\/\/www.nagyn.cz\/svatbu-pomoci-cateringu-si-uzijete-na-jednicku\/","author":{"@type":"Person","@id":"https:\/\/www.nagyn.cz\/author\/#Person","name":"","url":"https:\/\/www.nagyn.cz\/author\/","identifier":1,"image":{"@type":"ImageObject","@id":"https:\/\/secure.gravatar.com\/avatar\/baa231f7e1963b29d6549eb0e137b049d877d4e97c51386f463c7d4fc98329bd?s=96&d=mm&r=g","url":"https:\/\/secure.gravatar.com\/avatar\/baa231f7e1963b29d6549eb0e137b049d877d4e97c51386f463c7d4fc98329bd?s=96&d=mm&r=g","height":96,"width":96}},"publisher":{"@type":"Organization","name":"nagyn.cz","logo":{"@type":"ImageObject","@id":"\/logo.png","url":"\/logo.png","width":600,"height":60}},"image":{"@type":"ImageObject","@id":"https:\/\/www.nagyn.cz\/wp-content\/uploads\/img_a354705_w3085_t1569309200.jpg","url":"https:\/\/www.nagyn.cz\/wp-content\/uploads\/img_a354705_w3085_t1569309200.jpg","height":0,"width":0},"wordCount":691,"keywords":null},{"@type":"Article","@id":"https:\/\/www.nagyn.cz\/zlatohlavci\/","headline":"Zlatohl\u00e1vci","url":"https:\/\/www.nagyn.cz\/zlatohlavci\/","datePublished":"2019-09-05","dateModified":"2023-05-09","mainEntityOfPage":"https:\/\/www.nagyn.cz\/zlatohlavci\/","author":{"@type":"Person","@id":"https:\/\/www.nagyn.cz\/author\/#Person","name":"","url":"https:\/\/www.nagyn.cz\/author\/","identifier":1,"image":{"@type":"ImageObject","@id":"https:\/\/secure.gravatar.com\/avatar\/baa231f7e1963b29d6549eb0e137b049d877d4e97c51386f463c7d4fc98329bd?s=96&d=mm&r=g","url":"https:\/\/secure.gravatar.com\/avatar\/baa231f7e1963b29d6549eb0e137b049d877d4e97c51386f463c7d4fc98329bd?s=96&d=mm&r=g","height":96,"width":96}},"publisher":{"@type":"Organization","name":"nagyn.cz","logo":{"@type":"ImageObject","@id":"\/logo.png","url":"\/logo.png","width":600,"height":60}},"image":{"@type":"ImageObject","@id":"https:\/\/www.nagyn.cz\/wp-content\/uploads\/img_a347159_w2940_t1561298316.jpg","url":"https:\/\/www.nagyn.cz\/wp-content\/uploads\/img_a347159_w2940_t1561298316.jpg","height":0,"width":0},"wordCount":746,"keywords":null},{"@type":"Article","@id":"https:\/\/www.nagyn.cz\/rostlinny-napoj-jako-neplnohodnotna-nahrazka-mleka\/","headline":"Rostlinn\u00fd n\u00e1poj jako (ne)plnohodnotn\u00e1 n\u00e1hra\u017eka ml\u00e9ka","url":"https:\/\/www.nagyn.cz\/rostlinny-napoj-jako-neplnohodnotna-nahrazka-mleka\/","datePublished":"2019-08-24","dateModified":"2023-05-09","mainEntityOfPage":"https:\/\/www.nagyn.cz\/rostlinny-napoj-jako-neplnohodnotna-nahrazka-mleka\/","author":{"@type":"Person","@id":"https:\/\/www.nagyn.cz\/author\/#Person","name":"","url":"https:\/\/www.nagyn.cz\/author\/","identifier":1,"image":{"@type":"ImageObject","@id":"https:\/\/secure.gravatar.com\/avatar\/baa231f7e1963b29d6549eb0e137b049d877d4e97c51386f463c7d4fc98329bd?s=96&d=mm&r=g","url":"https:\/\/secure.gravatar.com\/avatar\/baa231f7e1963b29d6549eb0e137b049d877d4e97c51386f463c7d4fc98329bd?s=96&d=mm&r=g","height":96,"width":96}},"publisher":{"@type":"Organization","name":"nagyn.cz","logo":{"@type":"ImageObject","@id":"\/logo.png","url":"\/logo.png","width":600,"height":60}},"image":{"@type":"ImageObject","@id":"https:\/\/www.nagyn.cz\/wp-content\/uploads\/img_a352691_w3085_t1567150117.jpg","url":"https:\/\/www.nagyn.cz\/wp-content\/uploads\/img_a352691_w3085_t1567150117.jpg","height":0,"width":0},"wordCount":4692,"keywords":null},{"@type":"Article","@id":"https:\/\/www.nagyn.cz\/relax-mezi-vinicemi-i-krasnymi-pamatkami\/","headline":"Relax mezi vinicemi i kr\u00e1sn\u00fdmi pam\u00e1tkami","url":"https:\/\/www.nagyn.cz\/relax-mezi-vinicemi-i-krasnymi-pamatkami\/","datePublished":"2019-08-11","dateModified":"2023-05-09","mainEntityOfPage":"https:\/\/www.nagyn.cz\/relax-mezi-vinicemi-i-krasnymi-pamatkami\/","author":{"@type":"Person","@id":"https:\/\/www.nagyn.cz\/author\/#Person","name":"","url":"https:\/\/www.nagyn.cz\/author\/","identifier":1,"image":{"@type":"ImageObject","@id":"https:\/\/secure.gravatar.com\/avatar\/baa231f7e1963b29d6549eb0e137b049d877d4e97c51386f463c7d4fc98329bd?s=96&d=mm&r=g","url":"https:\/\/secure.gravatar.com\/avatar\/baa231f7e1963b29d6549eb0e137b049d877d4e97c51386f463c7d4fc98329bd?s=96&d=mm&r=g","height":96,"width":96}},"publisher":{"@type":"Organization","name":"nagyn.cz","logo":{"@type":"ImageObject","@id":"\/logo.png","url":"\/logo.png","width":600,"height":60}},"image":{"@type":"ImageObject","@id":"https:\/\/www.nagyn.cz\/wp-content\/uploads\/img_a358442_w1771_t1572798318.jpg","url":"https:\/\/www.nagyn.cz\/wp-content\/uploads\/img_a358442_w1771_t1572798318.jpg","height":0,"width":0},"wordCount":517,"keywords":null}]},{"@context":"https:\/\/schema.org","@type":"WebSite","@id":"https:\/\/www.nagyn.cz\/#website","name":"Nagyn","url":"https:\/\/www.nagyn.cz","potentialAction":{"@type":"SearchAction","target":"https:\/\/www.nagyn.cz\/?s={search_term_string}","query-input":"required name=search_term_string"}}]