[{"@context":"https:\/\/schema.org\/","@type":"Blog","@id":"https:\/\/www.nagyn.cz#Blog","headline":"Nagyn","description":"\nPomoc pot\u0159ebuje \u010das od \u010dasu ka\u017ed\u00fd. A nemus\u00ed b\u00fdt v\u016fbec na \u0161kodu, je-li tato virtu\u00e1ln\u00ed. Jako je ta, je\u017e se v\u00e1m nab\u00edz\u00ed na na\u0161\u00ed internetov\u00e9 str\u00e1nce.","url":"https:\/\/www.nagyn.cz","hasPart":[{"@type":"Article","@id":"https:\/\/www.nagyn.cz\/sdilena-ekonomika\/","headline":"Sd\u00edlen\u00e1 ekonomika","url":"https:\/\/www.nagyn.cz\/sdilena-ekonomika\/","datePublished":"2019-08-03","dateModified":"2023-05-09","mainEntityOfPage":"https:\/\/www.nagyn.cz\/sdilena-ekonomika\/","author":{"@type":"Person","@id":"https:\/\/www.nagyn.cz\/author\/#Person","name":"","url":"https:\/\/www.nagyn.cz\/author\/","identifier":1,"image":{"@type":"ImageObject","@id":"https:\/\/secure.gravatar.com\/avatar\/baa231f7e1963b29d6549eb0e137b049d877d4e97c51386f463c7d4fc98329bd?s=96&d=mm&r=g","url":"https:\/\/secure.gravatar.com\/avatar\/baa231f7e1963b29d6549eb0e137b049d877d4e97c51386f463c7d4fc98329bd?s=96&d=mm&r=g","height":96,"width":96}},"publisher":{"@type":"Organization","name":"nagyn.cz","logo":{"@type":"ImageObject","@id":"\/logo.png","url":"\/logo.png","width":600,"height":60}},"image":{"@type":"ImageObject","@id":"https:\/\/www.nagyn.cz\/wp-content\/uploads\/img_a351645_w2581_t1566131479.jpg","url":"https:\/\/www.nagyn.cz\/wp-content\/uploads\/img_a351645_w2581_t1566131479.jpg","height":0,"width":0},"wordCount":4674,"keywords":null},{"@type":"Article","@id":"https:\/\/www.nagyn.cz\/virtualni-svet\/","headline":"Virtu\u00e1ln\u00ed sv\u011bt","url":"https:\/\/www.nagyn.cz\/virtualni-svet\/","datePublished":"2019-06-17","dateModified":"2023-05-09","mainEntityOfPage":"https:\/\/www.nagyn.cz\/virtualni-svet\/","author":{"@type":"Person","@id":"https:\/\/www.nagyn.cz\/author\/#Person","name":"","url":"https:\/\/www.nagyn.cz\/author\/","identifier":1,"image":{"@type":"ImageObject","@id":"https:\/\/secure.gravatar.com\/avatar\/baa231f7e1963b29d6549eb0e137b049d877d4e97c51386f463c7d4fc98329bd?s=96&d=mm&r=g","url":"https:\/\/secure.gravatar.com\/avatar\/baa231f7e1963b29d6549eb0e137b049d877d4e97c51386f463c7d4fc98329bd?s=96&d=mm&r=g","height":96,"width":96}},"publisher":{"@type":"Organization","name":"nagyn.cz","logo":{"@type":"ImageObject","@id":"\/logo.png","url":"\/logo.png","width":600,"height":60}},"image":{"@type":"ImageObject","@id":"https:\/\/www.nagyn.cz\/wp-content\/uploads\/img_a349419_w1711_t1564380763.jpg","url":"https:\/\/www.nagyn.cz\/wp-content\/uploads\/img_a349419_w1711_t1564380763.jpg","height":0,"width":0},"wordCount":555,"keywords":null},{"@type":"Article","@id":"https:\/\/www.nagyn.cz\/slavia-praha\/","headline":"Slavia Praha","url":"https:\/\/www.nagyn.cz\/slavia-praha\/","datePublished":"2019-06-12","dateModified":"2023-05-09","mainEntityOfPage":"https:\/\/www.nagyn.cz\/slavia-praha\/","author":{"@type":"Person","@id":"https:\/\/www.nagyn.cz\/author\/#Person","name":"","url":"https:\/\/www.nagyn.cz\/author\/","identifier":1,"image":{"@type":"ImageObject","@id":"https:\/\/secure.gravatar.com\/avatar\/baa231f7e1963b29d6549eb0e137b049d877d4e97c51386f463c7d4fc98329bd?s=96&d=mm&r=g","url":"https:\/\/secure.gravatar.com\/avatar\/baa231f7e1963b29d6549eb0e137b049d877d4e97c51386f463c7d4fc98329bd?s=96&d=mm&r=g","height":96,"width":96}},"publisher":{"@type":"Organization","name":"nagyn.cz","logo":{"@type":"ImageObject","@id":"\/logo.png","url":"\/logo.png","width":600,"height":60}},"image":{"@type":"ImageObject","@id":"https:\/\/www.nagyn.cz\/wp-content\/uploads\/img_a348741_w2328_t1563634677.jpg","url":"https:\/\/www.nagyn.cz\/wp-content\/uploads\/img_a348741_w2328_t1563634677.jpg","height":0,"width":0},"wordCount":4574,"keywords":null},{"@type":"Article","@id":"https:\/\/www.nagyn.cz\/priroda-pohoda-a-teplo-domova\/","headline":"P\u0159\u00edroda, pohoda a teplo domova","url":"https:\/\/www.nagyn.cz\/priroda-pohoda-a-teplo-domova\/","datePublished":"2019-03-20","dateModified":"2023-05-09","mainEntityOfPage":"https:\/\/www.nagyn.cz\/priroda-pohoda-a-teplo-domova\/","author":{"@type":"Person","@id":"https:\/\/www.nagyn.cz\/author\/#Person","name":"","url":"https:\/\/www.nagyn.cz\/author\/","identifier":1,"image":{"@type":"ImageObject","@id":"https:\/\/secure.gravatar.com\/avatar\/baa231f7e1963b29d6549eb0e137b049d877d4e97c51386f463c7d4fc98329bd?s=96&d=mm&r=g","url":"https:\/\/secure.gravatar.com\/avatar\/baa231f7e1963b29d6549eb0e137b049d877d4e97c51386f463c7d4fc98329bd?s=96&d=mm&r=g","height":96,"width":96}},"publisher":{"@type":"Organization","name":"nagyn.cz","logo":{"@type":"ImageObject","@id":"\/logo.png","url":"\/logo.png","width":600,"height":60}},"image":{"@type":"ImageObject","@id":"https:\/\/www.nagyn.cz\/wp-content\/uploads\/img_a339848_w1744_t1552924869.jpg","url":"https:\/\/www.nagyn.cz\/wp-content\/uploads\/img_a339848_w1744_t1552924869.jpg","height":0,"width":0},"wordCount":486,"keywords":null},{"@type":"Article","@id":"https:\/\/www.nagyn.cz\/kliceni-fazoli-adzuki-je-podobne-jako-u-odrudy-mungo\/","headline":"Kl\u00ed\u010den\u00ed fazol\u00ed adzuki je podobn\u00e9 jako u odr\u016fdy mungo","url":"https:\/\/www.nagyn.cz\/kliceni-fazoli-adzuki-je-podobne-jako-u-odrudy-mungo\/","datePublished":"2019-01-10","dateModified":"2023-05-09","mainEntityOfPage":"https:\/\/www.nagyn.cz\/kliceni-fazoli-adzuki-je-podobne-jako-u-odrudy-mungo\/","author":{"@type":"Person","@id":"https:\/\/www.nagyn.cz\/author\/#Person","name":"","url":"https:\/\/www.nagyn.cz\/author\/","identifier":1,"image":{"@type":"ImageObject","@id":"https:\/\/secure.gravatar.com\/avatar\/baa231f7e1963b29d6549eb0e137b049d877d4e97c51386f463c7d4fc98329bd?s=96&d=mm&r=g","url":"https:\/\/secure.gravatar.com\/avatar\/baa231f7e1963b29d6549eb0e137b049d877d4e97c51386f463c7d4fc98329bd?s=96&d=mm&r=g","height":96,"width":96}},"publisher":{"@type":"Organization","name":"nagyn.cz","logo":{"@type":"ImageObject","@id":"\/logo.png","url":"\/logo.png","width":600,"height":60}},"image":{"@type":"ImageObject","@id":"https:\/\/www.nagyn.cz\/wp-content\/uploads\/img_a337794_w1752_t1550750028.jpg","url":"https:\/\/www.nagyn.cz\/wp-content\/uploads\/img_a337794_w1752_t1550750028.jpg","height":0,"width":0},"wordCount":542,"keywords":null},{"@type":"Article","@id":"https:\/\/www.nagyn.cz\/tkane-obrazy-ze-stredoveku\/","headline":"Tkan\u00e9 obrazy ze st\u0159edov\u011bku","url":"https:\/\/www.nagyn.cz\/tkane-obrazy-ze-stredoveku\/","datePublished":"2018-12-17","dateModified":"2023-05-09","mainEntityOfPage":"https:\/\/www.nagyn.cz\/tkane-obrazy-ze-stredoveku\/","author":{"@type":"Person","@id":"https:\/\/www.nagyn.cz\/author\/#Person","name":"","url":"https:\/\/www.nagyn.cz\/author\/","identifier":1,"image":{"@type":"ImageObject","@id":"https:\/\/secure.gravatar.com\/avatar\/baa231f7e1963b29d6549eb0e137b049d877d4e97c51386f463c7d4fc98329bd?s=96&d=mm&r=g","url":"https:\/\/secure.gravatar.com\/avatar\/baa231f7e1963b29d6549eb0e137b049d877d4e97c51386f463c7d4fc98329bd?s=96&d=mm&r=g","height":96,"width":96}},"publisher":{"@type":"Organization","name":"nagyn.cz","logo":{"@type":"ImageObject","@id":"\/logo.png","url":"\/logo.png","width":600,"height":60}},"image":{"@type":"ImageObject","@id":"https:\/\/www.nagyn.cz\/wp-content\/uploads\/img_a332168_w1712_t1545040003.jpg","url":"https:\/\/www.nagyn.cz\/wp-content\/uploads\/img_a332168_w1712_t1545040003.jpg","height":0,"width":0},"wordCount":524,"keywords":null},{"@type":"Article","@id":"https:\/\/www.nagyn.cz\/reklamy-v-prohlizeci-chrome\/","headline":"Reklamy v prohl\u00ed\u017ee\u010di Chrome","url":"https:\/\/www.nagyn.cz\/reklamy-v-prohlizeci-chrome\/","datePublished":"2018-12-11","dateModified":"2023-05-09","mainEntityOfPage":"https:\/\/www.nagyn.cz\/reklamy-v-prohlizeci-chrome\/","author":{"@type":"Person","@id":"https:\/\/www.nagyn.cz\/author\/#Person","name":"","url":"https:\/\/www.nagyn.cz\/author\/","identifier":1,"image":{"@type":"ImageObject","@id":"https:\/\/secure.gravatar.com\/avatar\/baa231f7e1963b29d6549eb0e137b049d877d4e97c51386f463c7d4fc98329bd?s=96&d=mm&r=g","url":"https:\/\/secure.gravatar.com\/avatar\/baa231f7e1963b29d6549eb0e137b049d877d4e97c51386f463c7d4fc98329bd?s=96&d=mm&r=g","height":96,"width":96}},"publisher":{"@type":"Organization","name":"nagyn.cz","logo":{"@type":"ImageObject","@id":"\/logo.png","url":"\/logo.png","width":600,"height":60}},"image":{"@type":"ImageObject","@id":"https:\/\/www.nagyn.cz\/wp-content\/uploads\/img_a336527_w2816_t1549912227.png","url":"https:\/\/www.nagyn.cz\/wp-content\/uploads\/img_a336527_w2816_t1549912227.png","height":0,"width":0},"wordCount":465,"keywords":null},{"@type":"Article","@id":"https:\/\/www.nagyn.cz\/chlor-do-bazenu-je-spolehlivou-desinfekci-ktera-vas-nezklame\/","headline":"Chlor do baz\u00e9nu je spolehlivou desinfekc\u00ed, kter\u00e1 v\u00e1s nezklame","url":"https:\/\/www.nagyn.cz\/chlor-do-bazenu-je-spolehlivou-desinfekci-ktera-vas-nezklame\/","datePublished":"2018-10-08","dateModified":"2023-05-09","mainEntityOfPage":"https:\/\/www.nagyn.cz\/chlor-do-bazenu-je-spolehlivou-desinfekci-ktera-vas-nezklame\/","author":{"@type":"Person","@id":"https:\/\/www.nagyn.cz\/author\/#Person","name":"","url":"https:\/\/www.nagyn.cz\/author\/","identifier":1,"image":{"@type":"ImageObject","@id":"https:\/\/secure.gravatar.com\/avatar\/baa231f7e1963b29d6549eb0e137b049d877d4e97c51386f463c7d4fc98329bd?s=96&d=mm&r=g","url":"https:\/\/secure.gravatar.com\/avatar\/baa231f7e1963b29d6549eb0e137b049d877d4e97c51386f463c7d4fc98329bd?s=96&d=mm&r=g","height":96,"width":96}},"publisher":{"@type":"Organization","name":"nagyn.cz","logo":{"@type":"ImageObject","@id":"\/logo.png","url":"\/logo.png","width":600,"height":60}},"image":{"@type":"ImageObject","@id":"https:\/\/www.nagyn.cz\/wp-content\/uploads\/img_a331700_w1736_t1544275120.jpg","url":"https:\/\/www.nagyn.cz\/wp-content\/uploads\/img_a331700_w1736_t1544275120.jpg","height":0,"width":0},"wordCount":519,"keywords":null},{"@type":"Article","@id":"https:\/\/www.nagyn.cz\/zamrznuti-bazenu-uz-nemusi-byt-velky-problem\/","headline":"Zamrznut\u00ed baz\u00e9nu u\u017e nemus\u00ed b\u00fdt velk\u00fd probl\u00e9m","url":"https:\/\/www.nagyn.cz\/zamrznuti-bazenu-uz-nemusi-byt-velky-problem\/","datePublished":"2018-09-27","dateModified":"2024-04-15","mainEntityOfPage":"https:\/\/www.nagyn.cz\/zamrznuti-bazenu-uz-nemusi-byt-velky-problem\/","author":{"@type":"Person","@id":"https:\/\/www.nagyn.cz\/author\/#Person","name":"","url":"https:\/\/www.nagyn.cz\/author\/","identifier":1,"image":{"@type":"ImageObject","@id":"https:\/\/secure.gravatar.com\/avatar\/baa231f7e1963b29d6549eb0e137b049d877d4e97c51386f463c7d4fc98329bd?s=96&d=mm&r=g","url":"https:\/\/secure.gravatar.com\/avatar\/baa231f7e1963b29d6549eb0e137b049d877d4e97c51386f463c7d4fc98329bd?s=96&d=mm&r=g","height":96,"width":96}},"publisher":{"@type":"Organization","name":"nagyn.cz","logo":{"@type":"ImageObject","@id":"\/logo.png","url":"\/logo.png","width":600,"height":60}},"image":{"@type":"ImageObject","@id":"https:\/\/www.nagyn.cz\/wp-content\/uploads\/img_a326590_w1765_t1538725231.jpg","url":"https:\/\/www.nagyn.cz\/wp-content\/uploads\/img_a326590_w1765_t1538725231.jpg","height":0,"width":0},"wordCount":501,"keywords":null},{"@type":"Article","@id":"https:\/\/www.nagyn.cz\/bila-barva-je-trendy\/","headline":"B\u00edl\u00e1 barva je trendy","url":"https:\/\/www.nagyn.cz\/bila-barva-je-trendy\/","datePublished":"2018-09-26","dateModified":"2023-05-09","mainEntityOfPage":"https:\/\/www.nagyn.cz\/bila-barva-je-trendy\/","author":{"@type":"Person","@id":"https:\/\/www.nagyn.cz\/author\/#Person","name":"","url":"https:\/\/www.nagyn.cz\/author\/","identifier":1,"image":{"@type":"ImageObject","@id":"https:\/\/secure.gravatar.com\/avatar\/baa231f7e1963b29d6549eb0e137b049d877d4e97c51386f463c7d4fc98329bd?s=96&d=mm&r=g","url":"https:\/\/secure.gravatar.com\/avatar\/baa231f7e1963b29d6549eb0e137b049d877d4e97c51386f463c7d4fc98329bd?s=96&d=mm&r=g","height":96,"width":96}},"publisher":{"@type":"Organization","name":"nagyn.cz","logo":{"@type":"ImageObject","@id":"\/logo.png","url":"\/logo.png","width":600,"height":60}},"image":{"@type":"ImageObject","@id":"https:\/\/www.nagyn.cz\/wp-content\/uploads\/img_a325308_w2220_t1537177348.jpg","url":"https:\/\/www.nagyn.cz\/wp-content\/uploads\/img_a325308_w2220_t1537177348.jpg","height":0,"width":0},"wordCount":497,"keywords":null}]},{"@context":"https:\/\/schema.org","@type":"WebSite","@id":"https:\/\/www.nagyn.cz\/#website","name":"Nagyn","url":"https:\/\/www.nagyn.cz","potentialAction":{"@type":"SearchAction","target":"https:\/\/www.nagyn.cz\/?s={search_term_string}","query-input":"required name=search_term_string"}}]