[{"@context":"https:\/\/schema.org\/","@type":"Article","@id":"https:\/\/www.nagyn.cz\/proc-se-znovu-neucit-necemu-novemu\/#Article","mainEntityOfPage":"https:\/\/www.nagyn.cz\/proc-se-znovu-neucit-necemu-novemu\/","headline":"Pro\u010d se znovu neu\u010dit n\u011b\u010demu nov\u00e9mu?","name":"Pro\u010d se znovu neu\u010dit n\u011b\u010demu nov\u00e9mu?","description":"Nikdy ani netu\u0161\u00edte, kdy se zase bude t\u0159eba n\u011b\u010demu nov\u00e9mu u\u010dit. D\u011bl\u00e1me to po cel\u00fd sv\u016fj \u017eivot v\u011bt\u0161inou podle sv\u00fdch \u017eivotn\u00edch pot\u0159eb. Chcete-li b\u00fdt nap\u0159\u00edklad mobiln\u00ed, poputujete do auto\u0161koly, kde jak spr\u00e1vn\u011b p\u0159edpokl\u00e1d\u00e1te, z\u00edsk\u00e1te z\u00e1klady \u0159\u00edzen\u00ed vozidla a nau\u010d\u00edte se platn\u00fdm p\u0159edpis\u016fm. Dobrou zpr\u00e1vou je, \u017ee nastane konec vyst\u00e1v\u00e1n\u00ed na zast\u00e1vk\u00e1ch busu \u010di vlaku. Je dobr\u00e9 m\u00edt na v\u00fdb\u011br P\u0159edpokl\u00e1d\u00e1me, \u017ee vyhled\u00e1te n\u011bkolik r\u016fzn\u00fdch v\u00fdukov\u00fdch za\u0159\u00edzen\u00ed, kter\u00e1 si p\u0159ed vlastn\u00edm<div class=\"read-more\"><a class=\"btn read-more-btn\" href=\"https:\/\/www.nagyn.cz\/proc-se-znovu-neucit-necemu-novemu\/\">Read More<\/a><\/div>","datePublished":"2025-09-03","dateModified":"2025-09-03","author":{"@type":"Person","@id":"https:\/\/www.nagyn.cz\/author\/#Person","name":"","url":"https:\/\/www.nagyn.cz\/author\/","identifier":1,"image":{"@type":"ImageObject","@id":"https:\/\/secure.gravatar.com\/avatar\/baa231f7e1963b29d6549eb0e137b049d877d4e97c51386f463c7d4fc98329bd?s=96&d=mm&r=g","url":"https:\/\/secure.gravatar.com\/avatar\/baa231f7e1963b29d6549eb0e137b049d877d4e97c51386f463c7d4fc98329bd?s=96&d=mm&r=g","height":96,"width":96}},"publisher":{"@type":"Organization","name":"nagyn.cz","logo":{"@type":"ImageObject","@id":"\/logo.png","url":"\/logo.png","width":600,"height":60}},"url":"https:\/\/www.nagyn.cz\/proc-se-znovu-neucit-necemu-novemu\/","wordCount":189,"articleBody":"Nikdy ani netu\u0161\u00edte, kdy se zase bude t\u0159eba n\u011b\u010demu nov\u00e9mu u\u010dit. D\u011bl\u00e1me to po cel\u00fd sv\u016fj \u017eivot v\u011bt\u0161inou podle sv\u00fdch \u017eivotn\u00edch pot\u0159eb. Chcete-li b\u00fdt nap\u0159\u00edklad mobiln\u00ed, poputujete do auto\u0161koly, kde jak spr\u00e1vn\u011b p\u0159edpokl\u00e1d\u00e1te, z\u00edsk\u00e1te z\u00e1klady \u0159\u00edzen\u00ed vozidla a nau\u010d\u00edte se platn\u00fdm p\u0159edpis\u016fm. Dobrou zpr\u00e1vou je, \u017ee nastane konec vyst\u00e1v\u00e1n\u00ed na zast\u00e1vk\u00e1ch busu \u010di vlaku. Je dobr\u00e9 m\u00edt na v\u00fdb\u011br P\u0159edpokl\u00e1d\u00e1me, \u017ee vyhled\u00e1te n\u011bkolik r\u016fzn\u00fdch v\u00fdukov\u00fdch za\u0159\u00edzen\u00ed, kter\u00e1 si p\u0159ed vlastn\u00edm v\u00fdb\u011brem ur\u010dit\u011b trochu proklepnete. Pr\u00e1v\u011b auto\u0161kola je m\u00edsto, kde v\u00e1s nau\u010d\u00ed v\u0161emu, \u010demu je zapot\u0159eb\u00ed. Pokud to je\u0161t\u011b nev\u00edte, je to dal\u0161\u00ed d\u016fle\u017eit\u00e1 v\u011bc do \u017eivota, kter\u00e1 je u\u017e t\u00e9m\u011b\u0159 nutn\u00e1 a p\u0159ijde vhod ka\u017ed\u00e9mu, kdo n\u011bkam doj\u00ed\u017ed\u00ed \u010di ke sv\u00e9 pr\u00e1ci pot\u0159ebuje dennodenn\u011b motorov\u00e9 vozidlo. Jen tak d\u00e1l!                                                                                                                                                                                                                                                                                                                                                                                                "},{"@context":"https:\/\/schema.org\/","@type":"BreadcrumbList","itemListElement":[{"@type":"ListItem","position":1,"name":"Pro\u010d se znovu neu\u010dit n\u011b\u010demu nov\u00e9mu?","item":"https:\/\/www.nagyn.cz\/proc-se-znovu-neucit-necemu-novemu\/#breadcrumbitem"}]}]