[{"@context":"https:\/\/schema.org\/","@type":"Article","@id":"https:\/\/www.nagyn.cz\/relax-mezi-vinicemi-i-krasnymi-pamatkami\/#Article","mainEntityOfPage":"https:\/\/www.nagyn.cz\/relax-mezi-vinicemi-i-krasnymi-pamatkami\/","headline":"Relax mezi vinicemi i kr\u00e1sn\u00fdmi pam\u00e1tkami","name":"Relax mezi vinicemi i kr\u00e1sn\u00fdmi pam\u00e1tkami","description":"Pokud jste v\u011bt\u0161inu sv\u00fdch letn\u00edch voln\u00fdch dn\u016f str\u00e1vili v tepl\u00fdch p\u0159\u00edmo\u0159sk\u00fdch destinac\u00edch, pak pr\u00e1v\u011b tyto p\u0159ich\u00e1zej\u00edc\u00ed podzimn\u00ed dny zvou k n\u00e1v\u0161t\u011bv\u011b m\u00edst, je\u017e jsou spojena s p\u011bstov\u00e1n\u00edm v\u00edna, kr\u00e1sn\u00fdmi historick\u00fdmi, pam\u00e1tkami a pat\u0159\u00ed k nim neodmysliteln\u00fd \u017eiv\u00fd folkl\u00f3r. Toto v\u0161e a spoustu dal\u0161\u00edch p\u0159\u00edjemn\u00fdch pro\u017eitk\u016f m\u016f\u017eete vychutnat v p\u0159\u00edpad\u011b ubytov\u00e1n\u00ed Lednice Valtice, tedy v regionu, kter\u00fd se m\u016f\u017ee py\u0161nit dv\u011bma n\u00e1dhern\u00fdmi z\u00e1mky, kostely a dal\u0161\u00edmi historick\u00fdmi skvosty zasazen\u00fdmi do UNESCEM<div class=\"read-more\"><a class=\"btn read-more-btn\" href=\"https:\/\/www.nagyn.cz\/relax-mezi-vinicemi-i-krasnymi-pamatkami\/\">Read More<\/a><\/div>","datePublished":"2019-08-11","dateModified":"2023-05-09","author":{"@type":"Person","@id":"https:\/\/www.nagyn.cz\/author\/#Person","name":"","url":"https:\/\/www.nagyn.cz\/author\/","identifier":1,"image":{"@type":"ImageObject","@id":"https:\/\/secure.gravatar.com\/avatar\/baa231f7e1963b29d6549eb0e137b049d877d4e97c51386f463c7d4fc98329bd?s=96&d=mm&r=g","url":"https:\/\/secure.gravatar.com\/avatar\/baa231f7e1963b29d6549eb0e137b049d877d4e97c51386f463c7d4fc98329bd?s=96&d=mm&r=g","height":96,"width":96}},"publisher":{"@type":"Organization","name":"nagyn.cz","logo":{"@type":"ImageObject","@id":"\/logo.png","url":"\/logo.png","width":600,"height":60}},"image":{"@type":"ImageObject","@id":"https:\/\/www.nagyn.cz\/wp-content\/uploads\/img_a358442_w1771_t1572798318.jpg","url":"https:\/\/www.nagyn.cz\/wp-content\/uploads\/img_a358442_w1771_t1572798318.jpg","height":0,"width":0},"url":"https:\/\/www.nagyn.cz\/relax-mezi-vinicemi-i-krasnymi-pamatkami\/","about":["Cestov\u00e1n\u00ed"],"wordCount":383,"articleBody":"  Pokud jste v\u011bt\u0161inu sv\u00fdch letn\u00edch voln\u00fdch dn\u016f str\u00e1vili v tepl\u00fdch p\u0159\u00edmo\u0159sk\u00fdch destinac\u00edch, pak pr\u00e1v\u011b tyto p\u0159ich\u00e1zej\u00edc\u00ed podzimn\u00ed dny zvou k n\u00e1v\u0161t\u011bv\u011b m\u00edst, je\u017e jsou spojena s p\u011bstov\u00e1n\u00edm v\u00edna, kr\u00e1sn\u00fdmi historick\u00fdmi, pam\u00e1tkami a pat\u0159\u00ed k nim neodmysliteln\u00fd \u017eiv\u00fd folkl\u00f3r. Toto v\u0161e a spoustu dal\u0161\u00edch p\u0159\u00edjemn\u00fdch pro\u017eitk\u016f m\u016f\u017eete vychutnat v p\u0159\u00edpad\u011b ubytov\u00e1n\u00ed Lednice Valtice, tedy v regionu, kter\u00fd se m\u016f\u017ee py\u0161nit dv\u011bma n\u00e1dhern\u00fdmi z\u00e1mky, kostely a dal\u0161\u00edmi historick\u00fdmi skvosty zasazen\u00fdmi do UNESCEM chr\u00e1n\u011bn\u00e9ho krajinn\u00e9ho celku s n\u00e1zvem Lednicko-valtick\u00fd are\u00e1l. Region je doslova protk\u00e1n skv\u011blo s\u00edt\u00ed perfektn\u011b udr\u017eovan\u00fdch cyklostezek, ale i upraven\u00fdch tras pro p\u011b\u0161\u00ed turistiku. Pokud sem zav\u00edt\u00e1te s c\u00edlem pouh\u00e9ho leno\u0161en\u00ed, r\u00e1di v\u00e1m vyjdeme  http:\/\/www.level.cz\/kdy-vyjde-dalsi-level\/ vst\u0159\u00edc nab\u00eddkou slu\u017eeb na\u0161eho hotelov\u00e9ho wellness centra, kter\u00e9 skute\u010dn\u011b poskytuje celo \u0159adu p\u0159\u00edjemn\u00fdch a zdrav\u00ed prosp\u011b\u0161n\u00fdch procedur. \u2022 Happy Swimming- ka\u017ed\u00e9 ned\u011bln\u00ed odpoledne, mezi patn\u00e1ctou a dvac\u00e1tou hodinou m\u00e1 jeden z p\u0159\u00edchoz\u00ed dvojice vstup zdarma \u2022 Baz\u00e9ny a v\u00ed\u0159ivky-pro p\u011bt, a\u017e sedm osob, disponuj\u00ed dv\u011bma protiproudy a jsou um\u00edst\u011bny na slune\u010dn\u00e9 terase s v\u00fdhledem na z\u00e1mek \u2022 Perli\u010dkov\u00e1 vana-vyhled\u00e1van\u00e1 \u010dasto klienty, kte\u0159\u00ed jsou psychicky vy\u010derpan\u00ed, nebo trp\u00ed depresemi. Jedn\u00e1 se o nadstandartn\u00ed v\u00ed\u0159ivou perli\u010dkovou mas\u00e1\u017e podporuj\u00edc\u00ed krevn\u00ed ob\u011bh za pomoc\u00ed chromoterapie a ozonoterapie \u2022 Saunov\u00fd sv\u011bt-nab\u00edz\u00ed pobyt v such\u00e9 i parn\u00ed saun\u011b s blahod\u00e1rn\u00fdmi \u00fa\u010dinky pro va\u0161e srce a krevn\u00ed ob\u011bh \u2022 Mas\u00e1\u017ee-klasick\u00e9, reflexn\u00ed, thajsk\u00e9, lymfatick\u00e9, indick\u00e1 mas\u00e1\u017e hlavy \u2022 Z\u00e1baly-ra\u0161elinov\u00e9, j\u00edlov\u00e9 paraf\u00ednov\u00e9 Na\u0161e nab\u00eddka d\u00e1le obsahuje i dal\u0161\u00ed slu\u017eby, jako kosmetick\u00e9 procedury spojen\u00e9 s o\u0161et\u0159en\u00edm pleti obli\u010deje a dekoltu. Procedury, kter\u00e9 si vyberete, je t\u0159eba vhodn\u011b zkombinovat s \u010dasov\u00fdm pl\u00e1nem va\u0161eho pobytu. V\u0161echny podrobnosti t\u00fdkaj\u00edc\u00ed se objedn\u00e1vek a cen najdete na na\u0161ich str\u00e1nk\u00e1ch.                                                                                                                                                                                                                                                                                                                                                                                         4.7\/5 - (15 votes)        "},{"@context":"https:\/\/schema.org\/","@type":"BreadcrumbList","itemListElement":[{"@type":"ListItem","position":1,"name":"Relax mezi vinicemi i kr\u00e1sn\u00fdmi pam\u00e1tkami","item":"https:\/\/www.nagyn.cz\/relax-mezi-vinicemi-i-krasnymi-pamatkami\/#breadcrumbitem"}]}]