[{"@context":"https:\/\/schema.org\/","@type":"Article","@id":"https:\/\/www.nagyn.cz\/zmeny-v-rodicovskem-prispevku-od-ledna-2018\/#Article","mainEntityOfPage":"https:\/\/www.nagyn.cz\/zmeny-v-rodicovskem-prispevku-od-ledna-2018\/","headline":"Zm\u011bny v rodi\u010dovsk\u00e9m p\u0159\u00edsp\u011bvku od ledna 2018","name":"Zm\u011bny v rodi\u010dovsk\u00e9m p\u0159\u00edsp\u011bvku od ledna 2018","description":"Rodi\u010dovsk\u00fd p\u0159\u00edsp\u011bvek je d\u00e1vkou st\u00e1tn\u00ed soci\u00e1ln\u00ed podpory, kter\u00e1 je ur\u010dena rodi\u010d\u016fm, kte\u0159\u00ed celodenn\u011b z&nbsp;d\u016fvodu p\u00e9\u010de o d\u00edt\u011b do v\u011bku maxim\u00e1ln\u011b \u010dty\u0159 let z\u016fst\u00e1vaj\u00ed doma. Je jedno, kter\u00fd z&nbsp;rodi\u010d\u016f d\u00e1vku pob\u00edr\u00e1, proto\u017ee pe\u010dovat doma o d\u00edt\u011b na takzvan\u00e9 rodi\u010dovsk\u00e9 m\u016f\u017ee jak otec, tak i matka. V&nbsp;pr\u016fb\u011bhu doby se tak\u00e9 m\u016f\u017eou rodi\u010de vyst\u0159\u00eddat. Rodi\u010dovsk\u00fd p\u0159\u00edsp\u011bvek vy\u0159\u00edd\u00ed rodi\u010de na m\u00edstn\u011b p\u0159\u00edslu\u0161n\u00e9m \u00da\u0159adu pr\u00e1ce, pod kter\u00fd spadaj\u00ed dle sv\u00e9ho trval\u00e9ho bydli\u0161t\u011b. Formul\u00e1\u0159 je k&nbsp;vyzvednut\u00ed<div class=\"read-more\"><a class=\"btn read-more-btn\" href=\"https:\/\/www.nagyn.cz\/zmeny-v-rodicovskem-prispevku-od-ledna-2018\/\">Read More<\/a><\/div>","datePublished":"2017-12-18","dateModified":"2023-05-09","author":{"@type":"Person","@id":"https:\/\/www.nagyn.cz\/author\/#Person","name":"","url":"https:\/\/www.nagyn.cz\/author\/","identifier":1,"image":{"@type":"ImageObject","@id":"https:\/\/secure.gravatar.com\/avatar\/baa231f7e1963b29d6549eb0e137b049d877d4e97c51386f463c7d4fc98329bd?s=96&d=mm&r=g","url":"https:\/\/secure.gravatar.com\/avatar\/baa231f7e1963b29d6549eb0e137b049d877d4e97c51386f463c7d4fc98329bd?s=96&d=mm&r=g","height":96,"width":96}},"publisher":{"@type":"Organization","name":"nagyn.cz","logo":{"@type":"ImageObject","@id":"\/logo.png","url":"\/logo.png","width":600,"height":60}},"image":{"@type":"ImageObject","@id":"https:\/\/www.nagyn.cz\/wp-content\/uploads\/img_a307675_w2427_t1518948664.jpg","url":"https:\/\/www.nagyn.cz\/wp-content\/uploads\/img_a307675_w2427_t1518948664.jpg","height":0,"width":0},"url":"https:\/\/www.nagyn.cz\/zmeny-v-rodicovskem-prispevku-od-ledna-2018\/","about":["Pen\u00edze"],"wordCount":484,"articleBody":"Rodi\u010dovsk\u00fd p\u0159\u00edsp\u011bvek je d\u00e1vkou st\u00e1tn\u00ed soci\u00e1ln\u00ed podpory, kter\u00e1 je ur\u010dena rodi\u010d\u016fm, kte\u0159\u00ed celodenn\u011b z&nbsp;d\u016fvodu p\u00e9\u010de o d\u00edt\u011b do v\u011bku maxim\u00e1ln\u011b \u010dty\u0159 let z\u016fst\u00e1vaj\u00ed doma. Je jedno, kter\u00fd z&nbsp;rodi\u010d\u016f d\u00e1vku pob\u00edr\u00e1, proto\u017ee pe\u010dovat doma o d\u00edt\u011b na takzvan\u00e9 rodi\u010dovsk\u00e9 m\u016f\u017ee jak otec, tak i matka. V&nbsp;pr\u016fb\u011bhu doby se tak\u00e9 m\u016f\u017eou rodi\u010de vyst\u0159\u00eddat.Rodi\u010dovsk\u00fd p\u0159\u00edsp\u011bvek vy\u0159\u00edd\u00ed rodi\u010de na m\u00edstn\u011b p\u0159\u00edslu\u0161n\u00e9m \u00da\u0159adu pr\u00e1ce, pod kter\u00fd spadaj\u00ed dle sv\u00e9ho trval\u00e9ho bydli\u0161t\u011b. Formul\u00e1\u0159 je k&nbsp;vyzvednut\u00ed na pobo\u010dce \u00daP, nebo tak\u00e9 na str\u00e1nk\u00e1ch Ministerstva pr\u00e1ce a soci\u00e1ln\u00edch v\u011bc\u00ed.Zm\u011bny, kter\u00e9 nabyly prvn\u00edm lednem 2018 \u00fa\u010dinnosti, se t\u00fdkaj\u00ed jak nov\u00fdch \u017eadatel\u016f o tuto d\u00e1vku, tak t\u011bch st\u00e1vaj\u00edc\u00edch, kte\u0159\u00ed ji ji\u017e pob\u00edraj\u00ed.Nov\u00e1 maxim\u00e1ln\u00ed v\u00fd\u0161e d\u00e1vkyDoposud byla maxim\u00e1ln\u00ed v\u00fd\u0161e d\u00e1vky stanovena na \u010d\u00e1stku 11&nbsp;500 K\u010d m\u011bs\u00ed\u010dn\u011b. Nyn\u00ed si rodi\u010de, kte\u0159\u00ed m\u011bli p\u0159edt\u00edm vy\u0161\u0161\u00ed p\u0159\u00edjmy, mohou zvolit v\u00fd\u0161i \u010derp\u00e1n\u00ed. Maxim\u00e1ln\u00ed m\u011bs\u00ed\u010dn\u00ed d\u00e1vka tak m\u016f\u017ee b\u00fdt nyn\u00ed stejn\u00e1, jako byla v&nbsp;p\u0159edchoz\u00ed dob\u011b vypl\u00e1cen\u00e1 pen\u011b\u017eit\u00e1 pomoc v&nbsp;mate\u0159stv\u00ed.Pro rodi\u010de, kte\u0159\u00ed se cht\u011bj\u00ed rychle vr\u00e1tit do zam\u011bstn\u00e1n\u00ed, nebo cht\u011bj\u00ed d\u0159\u00edve rodi\u010dovsk\u00fd p\u0159\u00edsp\u011bvek vy\u010derpat se tak otev\u0159ela nov\u00e1 mo\u017enost.Volba d\u00e9lky \u010derp\u00e1n\u00ed rodi\u010dovsk\u00e9ho p\u0159\u00edsp\u011bvkuRodi\u010de, kte\u0159\u00ed nem\u011bli n\u00e1rok z&nbsp;d\u016fvodu nedostate\u010dn\u00e9 doby poji\u0161t\u011bn\u00ed, na pen\u011b\u017eitou pomoc v&nbsp;mate\u0159stv\u00ed pob\u00edrali rovnou rodi\u010dovsk\u00fd p\u0159\u00edsp\u011bvek v&nbsp;d\u00e9lce \u010dty\u0159 let a to v&nbsp;takov\u00e9 v\u00fd\u0161i, aby jim na danou dobu pevn\u011b dan\u00e1 \u010d\u00e1stka 220&nbsp;000 K\u010d vy\u0161la. Nyn\u00ed si m\u016f\u017eou zvolit \u010derp\u00e1n\u00ed a\u017e do v\u00fd\u0161e 7&nbsp;600 K\u010d m\u011bs\u00ed\u010dn\u011b tak, \u017ee prvn\u00edch dev\u011bt m\u011bs\u00edc\u016f budou pob\u00edrat tuto \u010d\u00e1stku a do \u010dty\u0159 let v\u011bku d\u00edt\u011bte pak \u010d\u00e1stku 3&nbsp;800 K\u010d m\u011bs\u00ed\u010dn\u011b. &nbsp;Zm\u011bnu v\u00fd\u0161e \u010derp\u00e1n\u00ed a tedy i jej\u00ed d\u00e9lky mohou rodi\u010de prov\u00e1d\u011bt jednou za t\u0159i m\u011bs\u00edce, kdy \u017e\u00e1dost podaj\u00ed na p\u0159\u00edslu\u0161n\u00e9m \u00fa\u0159adu pr\u00e1ce na k&nbsp;tomu ur\u010den\u00e9m tiskopise.Vy\u0161\u0161\u00ed \u010d\u00e1stka pro v\u00edcer\u010dataNovinkou je tak\u00e9 nav\u00fd\u0161en\u00ed celkov\u00e9 \u010d\u00e1stky rodi\u010dovsk\u00e9ho p\u0159\u00edsp\u011bvku, kter\u00e1 pro v\u0161echny rodi\u010de dosud \u010dinila 220&nbsp;000 K\u010d. Nov\u011b budou pob\u00edrat rodi\u010de v\u00edcer\u010dat \u010d\u00e1stku 330&nbsp;000 K\u010d a to je bezesporu tak\u00e9 dobr\u00e1 zpr\u00e1va.                                                                                                                                                                                                                                                                                                                                                                                        4.3\/5 - (12 votes)        "},{"@context":"https:\/\/schema.org\/","@type":"BreadcrumbList","itemListElement":[{"@type":"ListItem","position":1,"name":"Zm\u011bny v rodi\u010dovsk\u00e9m p\u0159\u00edsp\u011bvku od ledna 2018","item":"https:\/\/www.nagyn.cz\/zmeny-v-rodicovskem-prispevku-od-ledna-2018\/#breadcrumbitem"}]}]